{"id":1445,"date":"2024-01-31T15:57:44","date_gmt":"2024-01-31T14:57:44","guid":{"rendered":"https:\/\/www.thefamilyvan.fr\/blog\/?p=1445"},"modified":"2024-01-31T15:57:44","modified_gmt":"2024-01-31T14:57:44","slug":"oenologie-et-terroir-de-nouvelle-aquitaine-en-van-amenage","status":"publish","type":"post","link":"https:\/\/www.thefamilyvan.fr\/blog\/oenologie-et-terroir-de-nouvelle-aquitaine-en-van-amenage\/","title":{"rendered":"Oenologie et terroir de Nouvelle-Aquitaine en van am\u00e9nag\u00e9"},"content":{"rendered":"\t\t<div data-elementor-type=\"wp-post\" data-elementor-id=\"1445\" class=\"elementor elementor-1445\">\n\t\t\t\t\t\t<section class=\"elementor-section elementor-top-section elementor-element elementor-element-86f3c4d elementor-section-boxed elementor-section-height-default elementor-section-height-default\" data-id=\"86f3c4d\" data-element_type=\"section\" data-e-type=\"section\">\n\t\t\t\t\t\t<div class=\"elementor-container elementor-column-gap-default\">\n\t\t\t\t\t<div class=\"elementor-column elementor-col-100 elementor-top-column elementor-element elementor-element-1391448\" data-id=\"1391448\" data-element_type=\"column\" data-e-type=\"column\">\n\t\t\t<div class=\"elementor-widget-wrap elementor-element-populated\">\n\t\t\t\t\t\t<div class=\"elementor-element elementor-element-981fa85 elementor-widget elementor-widget-text-editor\" data-id=\"981fa85\" data-element_type=\"widget\" data-e-type=\"widget\" data-widget_type=\"text-editor.default\">\n\t\t\t\t<div class=\"elementor-widget-container\">\n\t\t\t\t\t\t\t\t\t<p><span style=\"font-weight: 400;\">Le monde de la vigne et du vin fait depuis toujours partie int\u00e9grante de l&rsquo;identit\u00e9 de la Nouvelle-Aquitaine : <a href=\"https:\/\/www.thefamilyvan.fr\/voyage-sur-mesure\">avec ses s\u00e9jours sur mesure en van am\u00e9nag\u00e9 \u00e9lectrique<\/a>, The Family Van vous propose un roadtrip \u00ab\u00a0<\/span>Oenologie et terroir de Nouvelle-Aquitaine en van am\u00e9nag\u00e9 \u00e9lectrique\u00a0\u00bb.<\/p>\t\t\t\t\t\t\t\t<\/div>\n\t\t\t\t<\/div>\n\t\t\t\t<div class=\"elementor-element elementor-element-7a3178e elementor-widget elementor-widget-image\" data-id=\"7a3178e\" data-element_type=\"widget\" data-e-type=\"widget\" data-widget_type=\"image.default\">\n\t\t\t\t<div class=\"elementor-widget-container\">\n\t\t\t\t\t\t\t\t\t\t\t\t\t\t\t<img fetchpriority=\"high\" decoding=\"async\" width=\"750\" height=\"500\" src=\"https:\/\/www.thefamilyvan.fr\/blog\/wp-content\/uploads\/2023\/12\/oenologie-et-terroir-de-nouvelle-aquitaine-en-van-amenage.jpg\" class=\"attachment-large size-large wp-image-1481\" alt=\"Oenologie et terroir de Nouvelle-Aquitaine en van am\u00e9nag\u00e9\" \/>\t\t\t\t\t\t\t\t\t\t\t\t\t\t\t<\/div>\n\t\t\t\t<\/div>\n\t\t\t\t\t<\/div>\n\t\t<\/div>\n\t\t\t\t\t<\/div>\n\t\t<\/section>\n\t\t\t\t<section class=\"elementor-section elementor-top-section elementor-element elementor-element-81bcc4d elementor-section-boxed elementor-section-height-default elementor-section-height-default\" data-id=\"81bcc4d\" data-element_type=\"section\" data-e-type=\"section\">\n\t\t\t\t\t\t<div class=\"elementor-container elementor-column-gap-default\">\n\t\t\t\t\t<div class=\"elementor-column elementor-col-100 elementor-top-column elementor-element elementor-element-971758c\" data-id=\"971758c\" data-element_type=\"column\" data-e-type=\"column\">\n\t\t\t<div class=\"elementor-widget-wrap elementor-element-populated\">\n\t\t\t\t\t\t<div class=\"elementor-element elementor-element-89003d9 elementor-widget elementor-widget-heading\" data-id=\"89003d9\" data-element_type=\"widget\" data-e-type=\"widget\" data-widget_type=\"heading.default\">\n\t\t\t\t<div class=\"elementor-widget-container\">\n\t\t\t\t\t<h2 class=\"elementor-heading-title elementor-size-default\">Oenologie et terroir de Nouvelle Aquitaine en van am\u00e9nag\u00e9 \u00e9lectrique<\/h2>\t\t\t\t<\/div>\n\t\t\t\t<\/div>\n\t\t\t\t\t<\/div>\n\t\t<\/div>\n\t\t\t\t\t<\/div>\n\t\t<\/section>\n\t\t\t\t<section class=\"elementor-section elementor-top-section elementor-element elementor-element-aed3b1c elementor-section-boxed elementor-section-height-default elementor-section-height-default\" data-id=\"aed3b1c\" data-element_type=\"section\" data-e-type=\"section\">\n\t\t\t\t\t\t<div class=\"elementor-container elementor-column-gap-default\">\n\t\t\t\t\t<div class=\"elementor-column elementor-col-100 elementor-top-column elementor-element elementor-element-c263a35\" data-id=\"c263a35\" data-element_type=\"column\" data-e-type=\"column\">\n\t\t\t<div class=\"elementor-widget-wrap elementor-element-populated\">\n\t\t\t\t\t\t<div class=\"elementor-element elementor-element-bab62a1 elementor-widget elementor-widget-text-editor\" data-id=\"bab62a1\" data-element_type=\"widget\" data-e-type=\"widget\" data-widget_type=\"text-editor.default\">\n\t\t\t\t<div class=\"elementor-widget-container\">\n\t\t\t\t\t\t\t\t\t<p><span style=\"font-weight: 400;\">Les vignobles fa\u00e7onnent le paysage, et enrichissent la culture gastronomique du coin. Chaque c\u00e9page se d\u00e9veloppe pour offrir une exp\u00e9rience in\u00e9dite et le concept d\u2019oenotourisme attire chaque ann\u00e9e de plus en plus de curieux.<\/span><\/p><p><span style=\"font-weight: 400;\">Chez <a href=\"https:\/\/www.thefamilyvan.fr\/\">The Family Van<\/a>, nous vous proposons de partir sur la route pour un s\u00e9jour \u00ab\u00a0<\/span>Oenologie et terroir de Nouvelle-Aquitaine en van am\u00e9nag\u00e9\u00a0<span style=\"font-family: var( --e-global-typography-text-font-family ), Sans-serif;\">\u00e9lectrique\u00a0\u00bb. Vous aurez l\u2019occasion durant ce roadtrip d\u2019\u00e9duquer votre palais et de vivre des exp\u00e9riences uniques autour de diff\u00e9rents vins typiques de la r\u00e9gion.<\/span><\/p><p><span style=\"font-weight: 400;\">Nous parlons ici de d\u00e9gustations, de visites de coop\u00e9ratives et de caves \u00e0 travers toute la Nouvelle-Aquitaine. De quoi devenir expert en oenologie et impressionner votre entourage !<\/span><\/p>\t\t\t\t\t\t\t\t<\/div>\n\t\t\t\t<\/div>\n\t\t\t\t\t<\/div>\n\t\t<\/div>\n\t\t\t\t\t<\/div>\n\t\t<\/section>\n\t\t\t\t<section class=\"elementor-section elementor-top-section elementor-element elementor-element-4e2cee8 elementor-section-boxed elementor-section-height-default elementor-section-height-default\" data-id=\"4e2cee8\" data-element_type=\"section\" data-e-type=\"section\">\n\t\t\t\t\t\t<div class=\"elementor-container elementor-column-gap-default\">\n\t\t\t\t\t<div class=\"elementor-column elementor-col-100 elementor-top-column elementor-element elementor-element-fc10644\" data-id=\"fc10644\" data-element_type=\"column\" data-e-type=\"column\">\n\t\t\t<div class=\"elementor-widget-wrap elementor-element-populated\">\n\t\t\t\t\t\t<div class=\"elementor-element elementor-element-d12c6bc elementor-widget elementor-widget-heading\" data-id=\"d12c6bc\" data-element_type=\"widget\" data-e-type=\"widget\" data-widget_type=\"heading.default\">\n\t\t\t\t<div class=\"elementor-widget-container\">\n\t\t\t\t\t<h2 class=\"elementor-heading-title elementor-size-default\">Immersion dans le Bordelais pour d\u00e9buter ce roadtrip en van am\u00e9nag\u00e9 \u00e9lectrique<\/h2>\t\t\t\t<\/div>\n\t\t\t\t<\/div>\n\t\t\t\t\t<\/div>\n\t\t<\/div>\n\t\t\t\t\t<\/div>\n\t\t<\/section>\n\t\t\t\t<section class=\"elementor-section elementor-top-section elementor-element elementor-element-200aad2 elementor-section-boxed elementor-section-height-default elementor-section-height-default\" data-id=\"200aad2\" data-element_type=\"section\" data-e-type=\"section\">\n\t\t\t\t\t\t<div class=\"elementor-container elementor-column-gap-default\">\n\t\t\t\t\t<div class=\"elementor-column elementor-col-100 elementor-top-column elementor-element elementor-element-f4d5156\" data-id=\"f4d5156\" data-element_type=\"column\" data-e-type=\"column\">\n\t\t\t<div class=\"elementor-widget-wrap elementor-element-populated\">\n\t\t\t\t\t\t<div class=\"elementor-element elementor-element-033cae9 elementor-widget elementor-widget-text-editor\" data-id=\"033cae9\" data-element_type=\"widget\" data-e-type=\"widget\" data-widget_type=\"text-editor.default\">\n\t\t\t\t<div class=\"elementor-widget-container\">\n\t\t\t\t\t\t\t\t\t<p><span style=\"font-weight: 400;\">Pourquoi ne pas commencer le s\u00e9jour par un tour dans le Bordelais ?<\/span><\/p><p><span style=\"font-weight: 400;\">La r\u00e9putation de ce vin n\u2019est plus \u00e0 faire : j<\/span><span style=\"font-weight: 400;\">ouissant d&rsquo;une renomm\u00e9e internationale, le Bordelais constitue le plus vaste vignoble d&rsquo;appellation de France et l&rsquo;un des plus prestigieux gr\u00e2ce \u00e0 ses c\u00e9l\u00e8bres crus class\u00e9s. Ce vignoble s&rsquo;organise autour de trois fleuves importants: la Garonne, la Dordogne et leur estuaire commun, la Gironde, ce qui apporte une richesse ind\u00e9niable aux sols cultiv\u00e9s et permet de diversifier les c\u00e9pages. L\u00e0-bas, la c\u00e9l\u00e8bre cit\u00e9e du vin vous attend ainsi que de nombreux ch\u00e2teaux dont la r\u00e9putation n\u2019est plus \u00e0 faire.<\/span><\/p>\t\t\t\t\t\t\t\t<\/div>\n\t\t\t\t<\/div>\n\t\t\t\t\t<\/div>\n\t\t<\/div>\n\t\t\t\t\t<\/div>\n\t\t<\/section>\n\t\t\t\t<section class=\"elementor-section elementor-top-section elementor-element elementor-element-70f375a elementor-section-boxed elementor-section-height-default elementor-section-height-default\" data-id=\"70f375a\" data-element_type=\"section\" data-e-type=\"section\">\n\t\t\t\t\t\t<div class=\"elementor-container elementor-column-gap-default\">\n\t\t\t\t\t<div class=\"elementor-column elementor-col-100 elementor-top-column elementor-element elementor-element-95e820a\" data-id=\"95e820a\" data-element_type=\"column\" data-e-type=\"column\">\n\t\t\t<div class=\"elementor-widget-wrap elementor-element-populated\">\n\t\t\t\t\t\t<div class=\"elementor-element elementor-element-dedff24 elementor-widget elementor-widget-heading\" data-id=\"dedff24\" data-element_type=\"widget\" data-e-type=\"widget\" data-widget_type=\"heading.default\">\n\t\t\t\t<div class=\"elementor-widget-container\">\n\t\t\t\t\t<h2 class=\"elementor-heading-title elementor-size-default\">\u00c9tape 2 : direction le Sauternes et ses vignobles hors du commun \u00e0 bord de votre van am\u00e9nag\u00e9 \u00e9lectrique<\/h2>\t\t\t\t<\/div>\n\t\t\t\t<\/div>\n\t\t\t\t\t<\/div>\n\t\t<\/div>\n\t\t\t\t\t<\/div>\n\t\t<\/section>\n\t\t\t\t<section class=\"elementor-section elementor-top-section elementor-element elementor-element-264d018 elementor-section-boxed elementor-section-height-default elementor-section-height-default\" data-id=\"264d018\" data-element_type=\"section\" data-e-type=\"section\">\n\t\t\t\t\t\t<div class=\"elementor-container elementor-column-gap-default\">\n\t\t\t\t\t<div class=\"elementor-column elementor-col-100 elementor-top-column elementor-element elementor-element-6002664\" data-id=\"6002664\" data-element_type=\"column\" data-e-type=\"column\">\n\t\t\t<div class=\"elementor-widget-wrap elementor-element-populated\">\n\t\t\t\t\t\t<div class=\"elementor-element elementor-element-ef2308b elementor-widget elementor-widget-text-editor\" data-id=\"ef2308b\" data-element_type=\"widget\" data-e-type=\"widget\" data-widget_type=\"text-editor.default\">\n\t\t\t\t<div class=\"elementor-widget-container\">\n\t\t\t\t\t\t\t\t\t<p><span style=\"font-weight: 400;\">Chez <a href=\"https:\/\/www.thefamilyvan.fr\/\">The Family Van<\/a>, nous aimons les exp\u00e9riences insolites, celles qui pimentent un s\u00e9jour et vous font vous dire : \u201coh, whaou!\u201d. Gr\u00e2ce \u00e0 cette exp\u00e9rience, et encadr\u00e9 par un professionnel en grimpe, vous serez invit\u00e9 en haut d\u2019un c\u00e8dre bicentenaire. Vous grimperez \u00e0 la corde jusqu\u2019\u00e0 une table suspendue pour y d\u00e9guster leur 1er Grand Cru Class\u00e9. L\u2019endroit id\u00e9al pour profiter de l\u2019exp\u00e9rience face au panorama du vignoble sauternais et de la Vall\u00e9e du Ciron. Saurez-vous relever le d\u00e9fi ?\u00a0<\/span><\/p>\t\t\t\t\t\t\t\t<\/div>\n\t\t\t\t<\/div>\n\t\t\t\t\t<\/div>\n\t\t<\/div>\n\t\t\t\t\t<\/div>\n\t\t<\/section>\n\t\t\t\t<section class=\"elementor-section elementor-top-section elementor-element elementor-element-6be359b elementor-section-boxed elementor-section-height-default elementor-section-height-default\" data-id=\"6be359b\" data-element_type=\"section\" data-e-type=\"section\">\n\t\t\t\t\t\t<div class=\"elementor-container elementor-column-gap-default\">\n\t\t\t\t\t<div class=\"elementor-column elementor-col-100 elementor-top-column elementor-element elementor-element-d2f978b\" data-id=\"d2f978b\" data-element_type=\"column\" data-e-type=\"column\">\n\t\t\t<div class=\"elementor-widget-wrap elementor-element-populated\">\n\t\t\t\t\t\t<div class=\"elementor-element elementor-element-740f6a2 elementor-widget elementor-widget-heading\" data-id=\"740f6a2\" data-element_type=\"widget\" data-e-type=\"widget\" data-widget_type=\"heading.default\">\n\t\t\t\t<div class=\"elementor-widget-container\">\n\t\t\t\t\t<h2 class=\"elementor-heading-title elementor-size-default\">D\u00e9couvrez  les d\u00e9marches innovantes des coop\u00e9ratives Lot-et-Garonnaises et B\u00e9arnaises<\/h2>\t\t\t\t<\/div>\n\t\t\t\t<\/div>\n\t\t\t\t\t<\/div>\n\t\t<\/div>\n\t\t\t\t\t<\/div>\n\t\t<\/section>\n\t\t\t\t<section class=\"elementor-section elementor-top-section elementor-element elementor-element-7455813 elementor-section-boxed elementor-section-height-default elementor-section-height-default\" data-id=\"7455813\" data-element_type=\"section\" data-e-type=\"section\">\n\t\t\t\t\t\t<div class=\"elementor-container elementor-column-gap-default\">\n\t\t\t\t\t<div class=\"elementor-column elementor-col-100 elementor-top-column elementor-element elementor-element-e7cdf21\" data-id=\"e7cdf21\" data-element_type=\"column\" data-e-type=\"column\">\n\t\t\t<div class=\"elementor-widget-wrap elementor-element-populated\">\n\t\t\t\t\t\t<div class=\"elementor-element elementor-element-ea902b1 elementor-widget elementor-widget-text-editor\" data-id=\"ea902b1\" data-element_type=\"widget\" data-e-type=\"widget\" data-widget_type=\"text-editor.default\">\n\t\t\t\t<div class=\"elementor-widget-container\">\n\t\t\t\t\t\t\t\t\t<p><span style=\"font-weight: 400;\">Si vous le souhaitez, direction le Lot-et-Garonne en van am\u00e9nag\u00e9 \u00e9lectrique pour en apprendre davantage sur le Buzet et ses agriculteurs <\/span><span style=\"font-weight: 400;\">engag\u00e9s dans une d\u00e9marche de d\u00e9veloppement durable : \u201cde la vigne au verre\u201d. Vous pourrez vivre une journ\u00e9e en immersion avec une visite guid\u00e9e des installations de la coop\u00e9rative. Vous d\u00e9couvrirez comment les vignerons produisent leur vin de A \u00e0 Z, tout en profitant de la beaut\u00e9 des ch\u00e2teaux environnants !<\/span><\/p><p><span style=\"font-weight: 400;\">Quoi de mieux qu\u2019une bonne vieille d\u00e9gustation pour continuer dans le b\u00e9arn et pour se remettre d\u2019aplomb, apr\u00e8s un si beau voyage en van am\u00e9nag\u00e9. L\u2019avantage du van : prendre son temps pour explorer le monde qui nous entoure. L\u2019outil parfait pour se sentir finalement un peu partout comme chez soi.<\/span><\/p>\t\t\t\t\t\t\t\t<\/div>\n\t\t\t\t<\/div>\n\t\t\t\t\t<\/div>\n\t\t<\/div>\n\t\t\t\t\t<\/div>\n\t\t<\/section>\n\t\t\t\t<section class=\"elementor-section elementor-top-section elementor-element elementor-element-61f43e5 elementor-section-boxed elementor-section-height-default elementor-section-height-default\" data-id=\"61f43e5\" data-element_type=\"section\" data-e-type=\"section\">\n\t\t\t\t\t\t<div class=\"elementor-container elementor-column-gap-default\">\n\t\t\t\t\t<div class=\"elementor-column elementor-col-100 elementor-top-column elementor-element elementor-element-9d4c92f\" data-id=\"9d4c92f\" data-element_type=\"column\" data-e-type=\"column\">\n\t\t\t<div class=\"elementor-widget-wrap elementor-element-populated\">\n\t\t\t\t\t\t<div class=\"elementor-element elementor-element-c816ab6 elementor-widget elementor-widget-heading\" data-id=\"c816ab6\" data-element_type=\"widget\" data-e-type=\"widget\" data-widget_type=\"heading.default\">\n\t\t\t\t<div class=\"elementor-widget-container\">\n\t\t\t\t\t<h2 class=\"elementor-heading-title elementor-size-default\">Le Pays-Basque,  joyau viticole, dont vous n'ignorerez bient\u00f4t plus les secrets<\/h2>\t\t\t\t<\/div>\n\t\t\t\t<\/div>\n\t\t\t\t\t<\/div>\n\t\t<\/div>\n\t\t\t\t\t<\/div>\n\t\t<\/section>\n\t\t\t\t<section class=\"elementor-section elementor-top-section elementor-element elementor-element-3aa7f03 elementor-section-boxed elementor-section-height-default elementor-section-height-default\" data-id=\"3aa7f03\" data-element_type=\"section\" data-e-type=\"section\">\n\t\t\t\t\t\t<div class=\"elementor-container elementor-column-gap-default\">\n\t\t\t\t\t<div class=\"elementor-column elementor-col-100 elementor-top-column elementor-element elementor-element-8932fdc\" data-id=\"8932fdc\" data-element_type=\"column\" data-e-type=\"column\">\n\t\t\t<div class=\"elementor-widget-wrap elementor-element-populated\">\n\t\t\t\t\t\t<div class=\"elementor-element elementor-element-d4c7549 elementor-widget elementor-widget-text-editor\" data-id=\"d4c7549\" data-element_type=\"widget\" data-e-type=\"widget\" data-widget_type=\"text-editor.default\">\n\t\t\t\t<div class=\"elementor-widget-container\">\n\t\t\t\t\t\t\t\t\t<p><span style=\"font-weight: 400;\">La route se terminera alors s\u00fbrement dans le pays basque ou vous aurez l&rsquo;opportunit\u00e9 d\u2019en apprendre un peu plus sur ses sp\u00e9cialit\u00e9s culturelles et gustatives. Vous pourrez, si vous le souhaitez, d\u00e9guster le produit de la vinification oc\u00e9anique et pourquoi pas, d\u00e9couvrir les m\u00e9thodes du pionnier de cette invention.<\/span><\/p><p><span style=\"font-weight: 400;\">Ce s\u00e9jour \u00ab\u00a0<\/span>Oenologie et terroir de Nouvelle-Aquitaine en van am\u00e9nag\u00e9\u00a0<span style=\"font-family: var( --e-global-typography-text-font-family ), Sans-serif;\">\u00e9lectrique\u00a0\u00bb fera de vous \u00e0 coup s\u00fbr des experts de l\u2019oenologie n\u00e9o-aquitaine.\u00a0<\/span><\/p><p><span style=\"font-weight: 400;\">Si cet article vous a donn\u00e9 envie, n\u2019h\u00e9sitez pas \u00e0 nous contacter en passant par le site <a href=\"https:\/\/www.thefamilyvan.fr\/\">thefamilyvan.fr<\/a> pour en apprendre davantage sur <a href=\"https:\/\/www.thefamilyvan.fr\/voyage-sur-mesure\">nos circuits sur mesure en van am\u00e9nag\u00e9 100% \u00e9lectrique.<\/a><\/span><\/p><p>D\u00e9couvrez <a href=\"https:\/\/www.nouvelle-aquitaine-tourisme.com\/fr\/actualite\/eco-tourisme-dans-les-vignobles-neo-aquitains-9-experiences-durables-a-vivre\">ici<\/a> 9 exp\u00e9riences durables dans les vignobles n\u00e9o-aquitains.<\/p>\t\t\t\t\t\t\t\t<\/div>\n\t\t\t\t<\/div>\n\t\t\t\t\t<\/div>\n\t\t<\/div>\n\t\t\t\t\t<\/div>\n\t\t<\/section>\n\t\t\t\t<section class=\"elementor-section elementor-top-section elementor-element elementor-element-1e23f13 elementor-section-boxed elementor-section-height-default elementor-section-height-default\" data-id=\"1e23f13\" data-element_type=\"section\" data-e-type=\"section\">\n\t\t\t\t\t\t<div class=\"elementor-container elementor-column-gap-default\">\n\t\t\t\t\t<div class=\"elementor-column elementor-col-100 elementor-top-column elementor-element elementor-element-d5f04e1\" data-id=\"d5f04e1\" data-element_type=\"column\" data-e-type=\"column\">\n\t\t\t<div class=\"elementor-widget-wrap\">\n\t\t\t\t\t\t\t<\/div>\n\t\t<\/div>\n\t\t\t\t\t<\/div>\n\t\t<\/section>\n\t\t\t\t<\/div>\n\t\t","protected":false},"excerpt":{"rendered":"<p>Le monde de la vigne et du vin fait depuis toujours partie int\u00e9grante de l&rsquo;identit\u00e9 de la Nouvelle-Aquitaine : avec ses s\u00e9jours sur mesure en &hellip; <\/p>\n","protected":false},"author":3,"featured_media":1481,"comment_status":"open","ping_status":"open","sticky":false,"template":"","format":"standard","meta":{"_monsterinsights_skip_tracking":false,"_monsterinsights_sitenote_active":false,"_monsterinsights_sitenote_note":"","_monsterinsights_sitenote_category":0,"footnotes":""},"categories":[1],"tags":[],"class_list":["post-1445","post","type-post","status-publish","format-standard","has-post-thumbnail","hentry","category-non-classe","has-meta"],"aioseo_notices":[],"_links":{"self":[{"href":"https:\/\/www.thefamilyvan.fr\/blog\/wp-json\/wp\/v2\/posts\/1445","targetHints":{"allow":["GET"]}}],"collection":[{"href":"https:\/\/www.thefamilyvan.fr\/blog\/wp-json\/wp\/v2\/posts"}],"about":[{"href":"https:\/\/www.thefamilyvan.fr\/blog\/wp-json\/wp\/v2\/types\/post"}],"author":[{"embeddable":true,"href":"https:\/\/www.thefamilyvan.fr\/blog\/wp-json\/wp\/v2\/users\/3"}],"replies":[{"embeddable":true,"href":"https:\/\/www.thefamilyvan.fr\/blog\/wp-json\/wp\/v2\/comments?post=1445"}],"version-history":[{"count":20,"href":"https:\/\/www.thefamilyvan.fr\/blog\/wp-json\/wp\/v2\/posts\/1445\/revisions"}],"predecessor-version":[{"id":1491,"href":"https:\/\/www.thefamilyvan.fr\/blog\/wp-json\/wp\/v2\/posts\/1445\/revisions\/1491"}],"wp:featuredmedia":[{"embeddable":true,"href":"https:\/\/www.thefamilyvan.fr\/blog\/wp-json\/wp\/v2\/media\/1481"}],"wp:attachment":[{"href":"https:\/\/www.thefamilyvan.fr\/blog\/wp-json\/wp\/v2\/media?parent=1445"}],"wp:term":[{"taxonomy":"category","embeddable":true,"href":"https:\/\/www.thefamilyvan.fr\/blog\/wp-json\/wp\/v2\/categories?post=1445"},{"taxonomy":"post_tag","embeddable":true,"href":"https:\/\/www.thefamilyvan.fr\/blog\/wp-json\/wp\/v2\/tags?post=1445"}],"curies":[{"name":"wp","href":"https:\/\/api.w.org\/{rel}","templated":true}]}}