{"id":1683,"date":"2024-05-22T09:23:25","date_gmt":"2024-05-22T07:23:25","guid":{"rendered":"https:\/\/www.thefamilyvan.fr\/blog\/?p=1683"},"modified":"2025-02-11T11:02:53","modified_gmt":"2025-02-11T10:02:53","slug":"voyager-en-van-amenage-avec-votre-animal-de-compagnie","status":"publish","type":"post","link":"https:\/\/www.thefamilyvan.fr\/blog\/voyager-en-van-amenage-avec-votre-animal-de-compagnie\/","title":{"rendered":"Voyager en van am\u00e9nag\u00e9 avec votre animal de compagnie."},"content":{"rendered":"\t\t<div data-elementor-type=\"wp-post\" data-elementor-id=\"1683\" class=\"elementor elementor-1683\">\n\t\t\t\t\t\t<section class=\"elementor-section elementor-top-section elementor-element elementor-element-beaba99 elementor-section-boxed elementor-section-height-default elementor-section-height-default\" data-id=\"beaba99\" data-element_type=\"section\" data-e-type=\"section\">\n\t\t\t\t\t\t<div class=\"elementor-container elementor-column-gap-default\">\n\t\t\t\t\t<div class=\"elementor-column elementor-col-100 elementor-top-column elementor-element elementor-element-d30c597\" data-id=\"d30c597\" data-element_type=\"column\" data-e-type=\"column\">\n\t\t\t<div class=\"elementor-widget-wrap elementor-element-populated\">\n\t\t\t\t\t\t<div class=\"elementor-element elementor-element-d9ff56b elementor-widget elementor-widget-text-editor\" data-id=\"d9ff56b\" data-element_type=\"widget\" data-e-type=\"widget\" data-widget_type=\"text-editor.default\">\n\t\t\t\t<div class=\"elementor-widget-container\">\n\t\t\t\t\t\t\t\t\t<p><span style=\"font-weight: 400;\">Bien trop souvent, les animaux sont exclus de nos plans de vacances. Ne serait-ce pas g\u00e9nial de voyager en van am\u00e9nag\u00e9 avec votre animal de compagnie ? <\/span><\/p>\n<p><span style=\"font-weight: 400;\">Nous avons toujours beaucoup de peine \u00e0 les laisser \u00e0 la maison ou en gardiennage. <\/span><\/p>\n<p><span style=\"font-weight: 400;\">Chez The Family Van, nous sommes <\/span><i><span style=\"font-weight: 400;\">pet friendly<\/span><\/i><span style=\"font-weight: 400;\"> et nous vous encourageons \u00e0 inclure vos animaux dans votre aventure !<\/span><\/p>\t\t\t\t\t\t\t\t<\/div>\n\t\t\t\t<\/div>\n\t\t\t\t<div class=\"elementor-element elementor-element-e542528 elementor-widget elementor-widget-image\" data-id=\"e542528\" data-element_type=\"widget\" data-e-type=\"widget\" data-widget_type=\"image.default\">\n\t\t\t\t<div class=\"elementor-widget-container\">\n\t\t\t\t\t\t\t\t\t\t\t\t\t\t\t<img fetchpriority=\"high\" decoding=\"async\" width=\"750\" height=\"500\" src=\"https:\/\/www.thefamilyvan.fr\/blog\/wp-content\/uploads\/2024\/05\/Voyager-en-van-amenage-avec-son-animal-de-companie-2-1024x682.jpg\" class=\"attachment-large size-large wp-image-2448\" alt=\"Voyager en van am\u00e9nag\u00e9 avec son animal de companie\" srcset=\"https:\/\/www.thefamilyvan.fr\/blog\/wp-content\/uploads\/2024\/05\/Voyager-en-van-amenage-avec-son-animal-de-companie-2-1024x682.jpg 1024w, https:\/\/www.thefamilyvan.fr\/blog\/wp-content\/uploads\/2024\/05\/Voyager-en-van-amenage-avec-son-animal-de-companie-2-300x200.jpg 300w, https:\/\/www.thefamilyvan.fr\/blog\/wp-content\/uploads\/2024\/05\/Voyager-en-van-amenage-avec-son-animal-de-companie-2-768x512.jpg 768w, https:\/\/www.thefamilyvan.fr\/blog\/wp-content\/uploads\/2024\/05\/Voyager-en-van-amenage-avec-son-animal-de-companie-2-1536x1023.jpg 1536w, https:\/\/www.thefamilyvan.fr\/blog\/wp-content\/uploads\/2024\/05\/Voyager-en-van-amenage-avec-son-animal-de-companie-2-750x500.jpg 750w, https:\/\/www.thefamilyvan.fr\/blog\/wp-content\/uploads\/2024\/05\/Voyager-en-van-amenage-avec-son-animal-de-companie-2.jpg 1600w\" sizes=\"(max-width: 750px) 100vw, 750px\" \/>\t\t\t\t\t\t\t\t\t\t\t\t\t\t\t<\/div>\n\t\t\t\t<\/div>\n\t\t\t\t\t<\/div>\n\t\t<\/div>\n\t\t\t\t\t<\/div>\n\t\t<\/section>\n\t\t\t\t<section class=\"elementor-section elementor-top-section elementor-element elementor-element-f4a3901 elementor-section-boxed elementor-section-height-default elementor-section-height-default\" data-id=\"f4a3901\" data-element_type=\"section\" data-e-type=\"section\">\n\t\t\t\t\t\t<div class=\"elementor-container elementor-column-gap-default\">\n\t\t\t\t\t<div class=\"elementor-column elementor-col-100 elementor-top-column elementor-element elementor-element-1a64762\" data-id=\"1a64762\" data-element_type=\"column\" data-e-type=\"column\">\n\t\t\t<div class=\"elementor-widget-wrap elementor-element-populated\">\n\t\t\t\t\t\t<div class=\"elementor-element elementor-element-63e26dd elementor-widget elementor-widget-heading\" data-id=\"63e26dd\" data-element_type=\"widget\" data-e-type=\"widget\" data-widget_type=\"heading.default\">\n\t\t\t\t<div class=\"elementor-widget-container\">\n\t\t\t\t\t<h2 class=\"elementor-heading-title elementor-size-default\">Quand le van am\u00e9nag\u00e9 est le format id\u00e9al pour nos boules de poils !  <\/h2>\t\t\t\t<\/div>\n\t\t\t\t<\/div>\n\t\t\t\t\t<\/div>\n\t\t<\/div>\n\t\t\t\t\t<\/div>\n\t\t<\/section>\n\t\t\t\t<section class=\"elementor-section elementor-top-section elementor-element elementor-element-ca1364d elementor-section-boxed elementor-section-height-default elementor-section-height-default\" data-id=\"ca1364d\" data-element_type=\"section\" data-e-type=\"section\">\n\t\t\t\t\t\t<div class=\"elementor-container elementor-column-gap-default\">\n\t\t\t\t\t<div class=\"elementor-column elementor-col-100 elementor-top-column elementor-element elementor-element-ad77195\" data-id=\"ad77195\" data-element_type=\"column\" data-e-type=\"column\">\n\t\t\t<div class=\"elementor-widget-wrap elementor-element-populated\">\n\t\t\t\t\t\t<div class=\"elementor-element elementor-element-c277d9d elementor-widget elementor-widget-text-editor\" data-id=\"c277d9d\" data-element_type=\"widget\" data-e-type=\"widget\" data-widget_type=\"text-editor.default\">\n\t\t\t\t<div class=\"elementor-widget-container\">\n\t\t\t\t\t\t\t\t\t<p><span style=\"font-weight: 400;\">Chez The Family Van, nous pensons au bien-\u00eatre de vos animaux. Et c\u2019est pourquoi nous savons que voyager en van am\u00e9nag\u00e9 avec votre animal de compagnie est la bonne solution. <\/span><\/p>\n<p><span style=\"font-weight: 400;\">Nos animaux ont souvent l\u2019habitude de rester \u00e0 la maison et d\u2019\u00eatre sortis dans le jardin ou en promenade. <\/span><span style=\"font-weight: 400;\">L&rsquo;int\u00e9r\u00eat , en plus de les d\u00e9fouler physiquement, est de satisfaire leur curiosit\u00e9 en les socialisant et en les d\u00e9sensibilisants au monde ext\u00e9rieur ! <\/span><\/p>\n<p><span style=\"font-weight: 400;\">Le plus important pour eux n\u2019est pas le temps qu\u2019ils passent dedans, mais ces instants de libert\u00e9 \u00e0 l\u2019ext\u00e9rieur.\u00a0<\/span><\/p>\n<p><span style=\"font-weight: 400;\">Nos vans am\u00e9nag\u00e9s sont assez spacieux pour accueillir confortablement votre boule de poil. Il pourra profiter de vos moindres arr\u00eats pour d\u00e9couvrir la nature qui l\u2019entoure et ainsi satisfaire ses besoins de d\u00e9penses physiques et mentales.<\/span><\/p>\t\t\t\t\t\t\t\t<\/div>\n\t\t\t\t<\/div>\n\t\t\t\t\t<\/div>\n\t\t<\/div>\n\t\t\t\t\t<\/div>\n\t\t<\/section>\n\t\t\t\t<section class=\"elementor-section elementor-top-section elementor-element elementor-element-df5dfe6 elementor-section-boxed elementor-section-height-default elementor-section-height-default\" data-id=\"df5dfe6\" data-element_type=\"section\" data-e-type=\"section\">\n\t\t\t\t\t\t<div class=\"elementor-container elementor-column-gap-default\">\n\t\t\t\t\t<div class=\"elementor-column elementor-col-100 elementor-top-column elementor-element elementor-element-da0b11a\" data-id=\"da0b11a\" data-element_type=\"column\" data-e-type=\"column\">\n\t\t\t<div class=\"elementor-widget-wrap elementor-element-populated\">\n\t\t\t\t\t\t<div class=\"elementor-element elementor-element-97e52fd elementor-widget elementor-widget-heading\" data-id=\"97e52fd\" data-element_type=\"widget\" data-e-type=\"widget\" data-widget_type=\"heading.default\">\n\t\t\t\t<div class=\"elementor-widget-container\">\n\t\t\t\t\t<h2 class=\"elementor-heading-title elementor-size-default\">Les indispensables pour voyager en van am\u00e9nag\u00e9 avec votre animal de compagnie : tout confort ! <\/h2>\t\t\t\t<\/div>\n\t\t\t\t<\/div>\n\t\t\t\t\t<\/div>\n\t\t<\/div>\n\t\t\t\t\t<\/div>\n\t\t<\/section>\n\t\t\t\t<section class=\"elementor-section elementor-top-section elementor-element elementor-element-966a874 elementor-section-boxed elementor-section-height-default elementor-section-height-default\" data-id=\"966a874\" data-element_type=\"section\" data-e-type=\"section\">\n\t\t\t\t\t\t<div class=\"elementor-container elementor-column-gap-default\">\n\t\t\t\t\t<div class=\"elementor-column elementor-col-100 elementor-top-column elementor-element elementor-element-4a60af6\" data-id=\"4a60af6\" data-element_type=\"column\" data-e-type=\"column\">\n\t\t\t<div class=\"elementor-widget-wrap elementor-element-populated\">\n\t\t\t\t\t\t<div class=\"elementor-element elementor-element-5bbd803 elementor-widget elementor-widget-text-editor\" data-id=\"5bbd803\" data-element_type=\"widget\" data-e-type=\"widget\" data-widget_type=\"text-editor.default\">\n\t\t\t\t<div class=\"elementor-widget-container\">\n\t\t\t\t\t\t\t\t\t<p><span style=\"font-weight: 400;\">Si vous envisagez de voyager en van am\u00e9nag\u00e9 avec votre animal de compagnie, il est important qu\u2019ils gardent leurs rep\u00e8res. Il faudra donc penser \u00e0 amener des petits objets qui leur rappelleront le confort de la maison, comme un panier ou des jouets familiers .\u00a0<\/span><\/p>\n<p><span style=\"font-weight: 400;\">N\u2019oubliez pas non plus d\u2019apporter leur alimentation habituelle, pour \u00e9viter les petits chamboulements.\u00a0<\/span><\/p>\t\t\t\t\t\t\t\t<\/div>\n\t\t\t\t<\/div>\n\t\t\t\t\t<\/div>\n\t\t<\/div>\n\t\t\t\t\t<\/div>\n\t\t<\/section>\n\t\t\t\t<section class=\"elementor-section elementor-top-section elementor-element elementor-element-96bbfb3 elementor-section-boxed elementor-section-height-default elementor-section-height-default\" data-id=\"96bbfb3\" data-element_type=\"section\" data-e-type=\"section\">\n\t\t\t\t\t\t<div class=\"elementor-container elementor-column-gap-default\">\n\t\t\t\t\t<div class=\"elementor-column elementor-col-100 elementor-top-column elementor-element elementor-element-d57ad29\" data-id=\"d57ad29\" data-element_type=\"column\" data-e-type=\"column\">\n\t\t\t<div class=\"elementor-widget-wrap elementor-element-populated\">\n\t\t\t\t\t\t<div class=\"elementor-element elementor-element-5124c06 elementor-widget elementor-widget-heading\" data-id=\"5124c06\" data-element_type=\"widget\" data-e-type=\"widget\" data-widget_type=\"heading.default\">\n\t\t\t\t<div class=\"elementor-widget-container\">\n\t\t\t\t\t<h2 class=\"elementor-heading-title elementor-size-default\">Les indispensables de transports pour voyager en van am\u00e9nag\u00e9 avec votre animal de compagnie. <\/h2>\t\t\t\t<\/div>\n\t\t\t\t<\/div>\n\t\t\t\t\t<\/div>\n\t\t<\/div>\n\t\t\t\t\t<\/div>\n\t\t<\/section>\n\t\t\t\t<section class=\"elementor-section elementor-top-section elementor-element elementor-element-f7a70ce elementor-section-boxed elementor-section-height-default elementor-section-height-default\" data-id=\"f7a70ce\" data-element_type=\"section\" data-e-type=\"section\">\n\t\t\t\t\t\t<div class=\"elementor-container elementor-column-gap-default\">\n\t\t\t\t\t<div class=\"elementor-column elementor-col-100 elementor-top-column elementor-element elementor-element-c0963da\" data-id=\"c0963da\" data-element_type=\"column\" data-e-type=\"column\">\n\t\t\t<div class=\"elementor-widget-wrap elementor-element-populated\">\n\t\t\t\t\t\t<div class=\"elementor-element elementor-element-d94b06c elementor-widget elementor-widget-text-editor\" data-id=\"d94b06c\" data-element_type=\"widget\" data-e-type=\"widget\" data-widget_type=\"text-editor.default\">\n\t\t\t\t<div class=\"elementor-widget-container\">\n\t\t\t\t\t\t\t\t\t<ul>\n<li style=\"font-weight: 400;\" aria-level=\"1\"><span style=\"font-weight: 400;\">Pr\u00e9voyez une <\/span><b>cage de transport<\/b><span style=\"font-weight: 400;\"> : votre animal pourra rester en s\u00e9curit\u00e9 durant les moments o\u00f9 vous ne pourrez pas forc\u00e9ment le surveiller. N\u2019oubliez pas que votre animal doit \u00eatre attach\u00e9 lors de vos d\u00e9placements, et ce, \u00e0 l\u2019aide d\u2019une ceinture de s\u00e9curit\u00e9 sp\u00e9ciale pour animaux.\u00a0<\/span><\/li>\n<li style=\"font-weight: 400;\" aria-level=\"1\"><span style=\"font-weight: 400;\">Emmenez des <\/span><a href=\"https:\/\/www.decathlon.fr\/p\/gamelle-pliable-pour-chien-100\/_\/R-p-14058\"><b>gamelles pliables<\/b><\/a><span style=\"font-weight: 400;\"> afin de pouvoir les transporter avec vous \u00e0 tout moment et ainsi amener votre animal dans de longues balades.<\/span><\/li>\n<li style=\"font-weight: 400;\" aria-level=\"1\"><span style=\"font-weight: 400;\">Organisez-vous pour laisser un <\/span><b>espace confortable<\/b><span style=\"font-weight: 400;\"> \u00e0 votre animal pour qu\u2019il puisse se reposer tranquillement. Dans nos vans, l\u2019espace cabine peut \u00eatre satisfaisant.<\/span><\/li>\n<li style=\"font-weight: 400;\" aria-level=\"1\"><span style=\"font-weight: 400;\">Renseignez-vous sur les <\/span><b>r\u00e9glementations<\/b><span style=\"font-weight: 400;\"> de vos destinations concernant les animaux, comme l\u2019obligation de les tenir en laisse ou pas.\u00a0<\/span><\/li>\n<li style=\"font-weight: 400;\" aria-level=\"1\"><span style=\"font-weight: 400;\">Mettez \u00e0 jour les <\/span><b>papiers et vaccins<\/b><span style=\"font-weight: 400;\"> de votre animal. Pendant ces excursions, on n\u2019est jamais \u00e0 l&rsquo;abri d\u2019un p\u00e9pin et votre animal devra \u00eatre identifi\u00e9 et vaccin\u00e9 pour sa propre s\u00e9curit\u00e9. De plus, assurez-vous qu\u2019il porte sur lui vos coordonn\u00e9es au cas o\u00f9 il se perdrait.\u00a0<\/span><\/li>\n<\/ul>\t\t\t\t\t\t\t\t<\/div>\n\t\t\t\t<\/div>\n\t\t\t\t\t<\/div>\n\t\t<\/div>\n\t\t\t\t\t<\/div>\n\t\t<\/section>\n\t\t\t\t<section class=\"elementor-section elementor-top-section elementor-element elementor-element-a64de77 elementor-section-boxed elementor-section-height-default elementor-section-height-default\" data-id=\"a64de77\" data-element_type=\"section\" data-e-type=\"section\">\n\t\t\t\t\t\t<div class=\"elementor-container elementor-column-gap-default\">\n\t\t\t\t\t<div class=\"elementor-column elementor-col-100 elementor-top-column elementor-element elementor-element-ec0694f\" data-id=\"ec0694f\" data-element_type=\"column\" data-e-type=\"column\">\n\t\t\t<div class=\"elementor-widget-wrap elementor-element-populated\">\n\t\t\t\t\t\t<div class=\"elementor-element elementor-element-79e2f59 elementor-widget elementor-widget-heading\" data-id=\"79e2f59\" data-element_type=\"widget\" data-e-type=\"widget\" data-widget_type=\"heading.default\">\n\t\t\t\t<div class=\"elementor-widget-container\">\n\t\t\t\t\t<h2 class=\"elementor-heading-title elementor-size-default\">Voyager en van am\u00e9nag\u00e9 avec votre animal de compagnie = deux fois plus de plaisir avec vos compagnons \u00e0 4 pattes! \n<\/h2>\t\t\t\t<\/div>\n\t\t\t\t<\/div>\n\t\t\t\t\t<\/div>\n\t\t<\/div>\n\t\t\t\t\t<\/div>\n\t\t<\/section>\n\t\t\t\t<section class=\"elementor-section elementor-top-section elementor-element elementor-element-6cad20a elementor-section-boxed elementor-section-height-default elementor-section-height-default\" data-id=\"6cad20a\" data-element_type=\"section\" data-e-type=\"section\">\n\t\t\t\t\t\t<div class=\"elementor-container elementor-column-gap-default\">\n\t\t\t\t\t<div class=\"elementor-column elementor-col-100 elementor-top-column elementor-element elementor-element-39b7f87\" data-id=\"39b7f87\" data-element_type=\"column\" data-e-type=\"column\">\n\t\t\t<div class=\"elementor-widget-wrap elementor-element-populated\">\n\t\t\t\t\t\t<div class=\"elementor-element elementor-element-5ad3806 elementor-widget elementor-widget-text-editor\" data-id=\"5ad3806\" data-element_type=\"widget\" data-e-type=\"widget\" data-widget_type=\"text-editor.default\">\n\t\t\t\t<div class=\"elementor-widget-container\">\n\t\t\t\t\t\t\t\t\t<p><span style=\"font-weight: 400;\">Si vous lisez cet article, c\u2019est que vous avez envie d\u2019inclure ce membre de votre famille dans votre s\u00e9jour en van am\u00e9nag\u00e9 ! Et nous, on vous dit : c\u2019est possible ! <\/span><\/p>\n<p><span style=\"font-weight: 400;\">En-dehors de la petite organisation que cela demande, voyager avec votre animal vous permettra de renforcer votre connexion tout en r\u00e9duisant son stress. Trop nombreux sont les animaux qui se retrouvent abandonn\u00e9s en p\u00e9riode de vacances. Chez The Family Van, nous vous proposons de partager des moments uniques et inoubliables avec votre camarade \u00e0 4 pattes.\u00a0<\/span><\/p>\n<p><span style=\"font-weight: 400;\">Si cet article vous a donn\u00e9 envie de partir accompagn\u00e9, n&rsquo;h\u00e9sitez pas \u00e0 venir r\u00e9server votre van am\u00e9nag\u00e9 100% \u00e9lectrique, sur notre site internet <\/span><a href=\"http:\/\/www.thefamilyvan.fr\"><span style=\"font-weight: 400;\">www.thefamilyvan.fr<\/span><\/a><span style=\"font-weight: 400;\">.<\/span><\/p>\n<p>\u00a0<\/p>\n<p>Nous pouvons aussi vous conseiller d&rsquo;aller regarder l&rsquo;article de <a href=\"https:\/\/www.van-it.fr\/voyager-en-van-avec-son-animal-de-compagnie\">Van-it<\/a> sur le sujet !\u00a0<\/p>\t\t\t\t\t\t\t\t<\/div>\n\t\t\t\t<\/div>\n\t\t\t\t\t<\/div>\n\t\t<\/div>\n\t\t\t\t\t<\/div>\n\t\t<\/section>\n\t\t\t\t<\/div>\n\t\t","protected":false},"excerpt":{"rendered":"<p>Bien trop souvent, les animaux sont exclus de nos plans de vacances. Ne serait-ce pas g\u00e9nial de voyager en van am\u00e9nag\u00e9 avec votre animal de &hellip; <\/p>\n","protected":false},"author":5,"featured_media":2447,"comment_status":"open","ping_status":"open","sticky":false,"template":"","format":"standard","meta":{"_monsterinsights_skip_tracking":false,"_monsterinsights_sitenote_active":false,"_monsterinsights_sitenote_note":"","_monsterinsights_sitenote_category":0,"footnotes":""},"categories":[1],"tags":[],"class_list":["post-1683","post","type-post","status-publish","format-standard","has-post-thumbnail","hentry","category-non-classe","has-meta"],"aioseo_notices":[],"_links":{"self":[{"href":"https:\/\/www.thefamilyvan.fr\/blog\/wp-json\/wp\/v2\/posts\/1683","targetHints":{"allow":["GET"]}}],"collection":[{"href":"https:\/\/www.thefamilyvan.fr\/blog\/wp-json\/wp\/v2\/posts"}],"about":[{"href":"https:\/\/www.thefamilyvan.fr\/blog\/wp-json\/wp\/v2\/types\/post"}],"author":[{"embeddable":true,"href":"https:\/\/www.thefamilyvan.fr\/blog\/wp-json\/wp\/v2\/users\/5"}],"replies":[{"embeddable":true,"href":"https:\/\/www.thefamilyvan.fr\/blog\/wp-json\/wp\/v2\/comments?post=1683"}],"version-history":[{"count":81,"href":"https:\/\/www.thefamilyvan.fr\/blog\/wp-json\/wp\/v2\/posts\/1683\/revisions"}],"predecessor-version":[{"id":2452,"href":"https:\/\/www.thefamilyvan.fr\/blog\/wp-json\/wp\/v2\/posts\/1683\/revisions\/2452"}],"wp:featuredmedia":[{"embeddable":true,"href":"https:\/\/www.thefamilyvan.fr\/blog\/wp-json\/wp\/v2\/media\/2447"}],"wp:attachment":[{"href":"https:\/\/www.thefamilyvan.fr\/blog\/wp-json\/wp\/v2\/media?parent=1683"}],"wp:term":[{"taxonomy":"category","embeddable":true,"href":"https:\/\/www.thefamilyvan.fr\/blog\/wp-json\/wp\/v2\/categories?post=1683"},{"taxonomy":"post_tag","embeddable":true,"href":"https:\/\/www.thefamilyvan.fr\/blog\/wp-json\/wp\/v2\/tags?post=1683"}],"curies":[{"name":"wp","href":"https:\/\/api.w.org\/{rel}","templated":true}]}}