{"id":2116,"date":"2024-08-26T10:01:43","date_gmt":"2024-08-26T08:01:43","guid":{"rendered":"https:\/\/www.thefamilyvan.fr\/blog\/?p=2116"},"modified":"2025-02-11T12:45:00","modified_gmt":"2025-02-11T11:45:00","slug":"ist-es-moglich-einen-umgebauten-transporter-von-dax-zu-mieten","status":"publish","type":"post","link":"https:\/\/www.thefamilyvan.fr\/blog\/de\/ist-es-moglich-einen-umgebauten-transporter-von-dax-zu-mieten\/","title":{"rendered":"Ist es m\u00f6glich, einen umgebauten Transporter von Dax zu mieten."},"content":{"rendered":"\t\t<div data-elementor-type=\"wp-post\" data-elementor-id=\"2116\" class=\"elementor elementor-2116\">\n\t\t\t\t\t\t<section class=\"elementor-section elementor-top-section elementor-element elementor-element-b10a07a elementor-section-boxed elementor-section-height-default elementor-section-height-default\" data-id=\"b10a07a\" data-element_type=\"section\" data-e-type=\"section\">\n\t\t\t\t\t\t<div class=\"elementor-container elementor-column-gap-default\">\n\t\t\t\t\t<div class=\"elementor-column elementor-col-100 elementor-top-column elementor-element elementor-element-8bc26e7\" data-id=\"8bc26e7\" data-element_type=\"column\" data-e-type=\"column\">\n\t\t\t<div class=\"elementor-widget-wrap elementor-element-populated\">\n\t\t\t\t\t\t<div class=\"elementor-element elementor-element-12674f5 elementor-widget elementor-widget-text-editor\" data-id=\"12674f5\" data-element_type=\"widget\" data-e-type=\"widget\" data-widget_type=\"text-editor.default\">\n\t\t\t\t<div class=\"elementor-widget-container\">\n\t\t\t\t\t\t\t\t\t<p>Nein, du tr\u00e4umst nicht! Ist es m\u00f6glich, einen umgebauten Transporter von Dax zu mieten.<\/p><p>Mit <a href=\"https:\/\/www.thefamilyvan.de\/de\">The Family Van<\/a> k\u00f6nnen wir Ihre Reisen im S\u00fcdwesten Frankreichs an Bord eines unserer umgebauten Vans organisieren.<\/p>\t\t\t\t\t\t\t\t<\/div>\n\t\t\t\t<\/div>\n\t\t\t\t\t<\/div>\n\t\t<\/div>\n\t\t\t\t\t<\/div>\n\t\t<\/section>\n\t\t\t\t<section class=\"elementor-section elementor-top-section elementor-element elementor-element-6b58e4d elementor-section-boxed elementor-section-height-default elementor-section-height-default\" data-id=\"6b58e4d\" data-element_type=\"section\" data-e-type=\"section\">\n\t\t\t\t\t\t<div class=\"elementor-container elementor-column-gap-default\">\n\t\t\t\t\t<div class=\"elementor-column elementor-col-100 elementor-top-column elementor-element elementor-element-9bd270a\" data-id=\"9bd270a\" data-element_type=\"column\" data-e-type=\"column\">\n\t\t\t<div class=\"elementor-widget-wrap elementor-element-populated\">\n\t\t\t\t\t\t<div class=\"elementor-element elementor-element-541bb4e elementor-widget elementor-widget-heading\" data-id=\"541bb4e\" data-element_type=\"widget\" data-e-type=\"widget\" data-widget_type=\"heading.default\">\n\t\t\t\t<div class=\"elementor-widget-container\">\n\t\t\t\t\t<h2 class=\"elementor-heading-title elementor-size-default\">Die Region Nouvelle-Aquitaine, wenn Ist es m\u00f6glich, einen umgebauten Transporter von Dax zu mieten<\/h2>\t\t\t\t<\/div>\n\t\t\t\t<\/div>\n\t\t\t\t\t<\/div>\n\t\t<\/div>\n\t\t\t\t\t<\/div>\n\t\t<\/section>\n\t\t\t\t<section class=\"elementor-section elementor-top-section elementor-element elementor-element-cf2d80f elementor-section-boxed elementor-section-height-default elementor-section-height-default\" data-id=\"cf2d80f\" data-element_type=\"section\" data-e-type=\"section\">\n\t\t\t\t\t\t<div class=\"elementor-container elementor-column-gap-default\">\n\t\t\t\t\t<div class=\"elementor-column elementor-col-100 elementor-top-column elementor-element elementor-element-0d80cc4\" data-id=\"0d80cc4\" data-element_type=\"column\" data-e-type=\"column\">\n\t\t\t<div class=\"elementor-widget-wrap elementor-element-populated\">\n\t\t\t\t\t\t<div class=\"elementor-element elementor-element-11e2735 elementor-widget elementor-widget-text-editor\" data-id=\"11e2735\" data-element_type=\"widget\" data-e-type=\"widget\" data-widget_type=\"text-editor.default\">\n\t\t\t\t<div class=\"elementor-widget-container\">\n\t\t\t\t\t\t\t\t\t<p>Ist es m\u00f6glich, einen umgebauten Transporter von Dax zu mieten.<\/p><p>Einen umgebauten Transporter in Dax zu mieten, um die Region Nouvelle-Aquitaine zu erkunden, ist der ideale Weg, um den Reichtum dieser Region zu entdecken. Dax ist der perfekte Ausgangspunkt. Die \u201eHauptstadt der Landes\u201c ist mit dem Zug von strategischen Orten wie Bordeaux und Paris aus leicht zu erreichen.<\/p><p>Wenn Sie nach Westen fahren, k\u00f6nnen Sie die endlosen Str\u00e4nde der Atlantikk\u00fcste genie\u00dfen, die ideal zum Surfen und Schwimmen sind. Im Norden f\u00fchrt die Stra\u00dfe durch die ber\u00fchmten Weinberge der Region Bordeaux. In Richtung Osten k\u00f6nnen Sie die h\u00fcgeligen Landschaften des P\u00e9rigord mit ihren malerischen D\u00f6rfern und pr\u00e4historischen St\u00e4tten erkunden.<\/p><p>Jeder Halt zeigt einen einzigartigen Aspekt der Region Nouvelle-Aquitaine, von den W\u00e4ldern der Landes bis zu den Bergen der Pyren\u00e4en und den ber\u00fchmtesten St\u00e4dten.<\/p><p>Die Fahrt in einem umgebauten Kleinbus gibt Ihnen die Freiheit, \u00fcberall anzuhalten und ein authentisches Erlebnis inmitten der Natur und der lokalen Traditionen zu genie\u00dfen.<\/p>\t\t\t\t\t\t\t\t<\/div>\n\t\t\t\t<\/div>\n\t\t\t\t\t<\/div>\n\t\t<\/div>\n\t\t\t\t\t<\/div>\n\t\t<\/section>\n\t\t\t\t<section class=\"elementor-section elementor-top-section elementor-element elementor-element-7f07c5a elementor-section-boxed elementor-section-height-default elementor-section-height-default\" data-id=\"7f07c5a\" data-element_type=\"section\" data-e-type=\"section\">\n\t\t\t\t\t\t<div class=\"elementor-container elementor-column-gap-default\">\n\t\t\t\t\t<div class=\"elementor-column elementor-col-100 elementor-top-column elementor-element elementor-element-4799e10\" data-id=\"4799e10\" data-element_type=\"column\" data-e-type=\"column\">\n\t\t\t<div class=\"elementor-widget-wrap elementor-element-populated\">\n\t\t\t\t\t\t<div class=\"elementor-element elementor-element-e81a781 elementor-widget elementor-widget-heading\" data-id=\"e81a781\" data-element_type=\"widget\" data-e-type=\"widget\" data-widget_type=\"heading.default\">\n\t\t\t\t<div class=\"elementor-widget-container\">\n\t\t\t\t\t<h2 class=\"elementor-heading-title elementor-size-default\">Mieten Sie einen umgebauten Van von Dax und wachen Sie mit Ihren F\u00fc\u00dfen im Wasser auf<\/h2>\t\t\t\t<\/div>\n\t\t\t\t<\/div>\n\t\t\t\t\t<\/div>\n\t\t<\/div>\n\t\t\t\t\t<\/div>\n\t\t<\/section>\n\t\t\t\t<section class=\"elementor-section elementor-top-section elementor-element elementor-element-c08b034 elementor-section-boxed elementor-section-height-default elementor-section-height-default\" data-id=\"c08b034\" data-element_type=\"section\" data-e-type=\"section\">\n\t\t\t\t\t\t<div class=\"elementor-container elementor-column-gap-default\">\n\t\t\t\t\t<div class=\"elementor-column elementor-col-100 elementor-top-column elementor-element elementor-element-4a92120\" data-id=\"4a92120\" data-element_type=\"column\" data-e-type=\"column\">\n\t\t\t<div class=\"elementor-widget-wrap elementor-element-populated\">\n\t\t\t\t\t\t<div class=\"elementor-element elementor-element-06da761 elementor-widget elementor-widget-image\" data-id=\"06da761\" data-element_type=\"widget\" data-e-type=\"widget\" data-widget_type=\"image.default\">\n\t\t\t\t<div class=\"elementor-widget-container\">\n\t\t\t\t\t\t\t\t\t\t\t\t\t\t\t<img fetchpriority=\"high\" decoding=\"async\" width=\"750\" height=\"500\" src=\"https:\/\/www.thefamilyvan.fr\/blog\/wp-content\/uploads\/2024\/06\/DJI_0278-1-2.jpg\" class=\"attachment-large size-large wp-image-1790\" alt=\"Ist es m\u00f6glich, einen umgebauten Transporter von Dax zu mieten.\" \/>\t\t\t\t\t\t\t\t\t\t\t\t\t\t\t<\/div>\n\t\t\t\t<\/div>\n\t\t\t\t<div class=\"elementor-element elementor-element-0455ef1 elementor-widget elementor-widget-text-editor\" data-id=\"0455ef1\" data-element_type=\"widget\" data-e-type=\"widget\" data-widget_type=\"text-editor.default\">\n\t\t\t\t<div class=\"elementor-widget-container\">\n\t\t\t\t\t\t\t\t\t<p>Dax liegt in der N\u00e4he der Atlantikk\u00fcste und ist ideal gelegen, um die herrlichen Str\u00e4nde der Landes und des Baskenlandes schnell zu erreichen. In weniger als einer Autostunde erreichen Sie bekannte Badeorte wie Hossegor, Capbreton und Biarritz.<\/p><p>Der umgebaute Kleinbus bietet Ihnen au\u00dferdem die M\u00f6glichkeit, verschiedene Str\u00e4nde und K\u00fcstenst\u00e4dte in Ihrem eigenen Tempo zu erkunden. Sie wachen mit Blick auf den Ozean auf, fr\u00fchst\u00fccken im Freien mit dem Rauschen der Wellen im Hintergrund und entdecken charmante K\u00fcstend\u00f6rfer und ihre lokalen M\u00e4rkte.<\/p><p>Abends bieten die Sonnenunterg\u00e4nge \u00fcber dem Atlantik ein atemberaubendes Schauspiel, und die Campingpl\u00e4tze oder speziell eingerichteten Stellpl\u00e4tze f\u00fcr Wohnmobile und Wohnwagen sorgen f\u00fcr optimalen Komfort.<\/p><p>Alles in allem ist ein Strandurlaub von Dax aus eine Einladung zu Entspannung, Abenteuer und Entdeckung in v\u00f6lliger Autonomie.<\/p><p class=\"entry-title\">Ist es m\u00f6glich, einen umgebauten Transporter von Dax zu mieten<\/p>\t\t\t\t\t\t\t\t<\/div>\n\t\t\t\t<\/div>\n\t\t\t\t\t<\/div>\n\t\t<\/div>\n\t\t\t\t\t<\/div>\n\t\t<\/section>\n\t\t\t\t<section class=\"elementor-section elementor-top-section elementor-element elementor-element-f9c66ed elementor-section-boxed elementor-section-height-default elementor-section-height-default\" data-id=\"f9c66ed\" data-element_type=\"section\" data-e-type=\"section\">\n\t\t\t\t\t\t<div class=\"elementor-container elementor-column-gap-default\">\n\t\t\t\t\t<div class=\"elementor-column elementor-col-100 elementor-top-column elementor-element elementor-element-0c12b6c\" data-id=\"0c12b6c\" data-element_type=\"column\" data-e-type=\"column\">\n\t\t\t<div class=\"elementor-widget-wrap elementor-element-populated\">\n\t\t\t\t\t\t<div class=\"elementor-element elementor-element-1402228 elementor-widget elementor-widget-heading\" data-id=\"1402228\" data-element_type=\"widget\" data-e-type=\"widget\" data-widget_type=\"heading.default\">\n\t\t\t\t<div class=\"elementor-widget-container\">\n\t\t\t\t\t<h2 class=\"elementor-heading-title elementor-size-default\">Ein paar Kilometer mehr und Sie schlafen auf dem Gipfel der Pyren\u00e4en ein.<\/h2>\t\t\t\t<\/div>\n\t\t\t\t<\/div>\n\t\t\t\t\t<\/div>\n\t\t<\/div>\n\t\t\t\t\t<\/div>\n\t\t<\/section>\n\t\t\t\t<section class=\"elementor-section elementor-top-section elementor-element elementor-element-f2557d3 elementor-section-boxed elementor-section-height-default elementor-section-height-default\" data-id=\"f2557d3\" data-element_type=\"section\" data-e-type=\"section\">\n\t\t\t\t\t\t<div class=\"elementor-container elementor-column-gap-default\">\n\t\t\t\t\t<div class=\"elementor-column elementor-col-100 elementor-top-column elementor-element elementor-element-d12794b\" data-id=\"d12794b\" data-element_type=\"column\" data-e-type=\"column\">\n\t\t\t<div class=\"elementor-widget-wrap elementor-element-populated\">\n\t\t\t\t\t\t<div class=\"elementor-element elementor-element-986536a elementor-widget elementor-widget-text-editor\" data-id=\"986536a\" data-element_type=\"widget\" data-e-type=\"widget\" data-widget_type=\"text-editor.default\">\n\t\t\t\t<div class=\"elementor-widget-container\">\n\t\t\t\t\t\t\t\t\t<p>Dax liegt nicht weit von den Bergen entfernt und ist ein hervorragender Ausgangspunkt f\u00fcr die Erkundung dieses majest\u00e4tischen Gebirgszugs.<\/p><p>In k\u00fcrzester Zeit gelangen Sie von den Pinienw\u00e4ldern der Landes zu den steilen T\u00e4lern der Pyren\u00e4en. Dieser rasche \u00dcbergang erm\u00f6glicht es Ihnen, eine Vielzahl von Outdoor-Aktivit\u00e4ten f\u00fcr jedes Niveau und jeden Geschmack zu nutzen.<\/p><p>Nationalparks wie die Pyren\u00e4en sind reich an malerischen Wanderwegen, kristallklaren Seen und atemberaubenden Panoramablicken.<\/p><p>Dar\u00fcber hinaus k\u00f6nnen Sie historische St\u00e4tten entdecken, an abgelegenen Orten inmitten der Natur \u00fcbernachten, weit weg von den Menschenmassen, und beim Aufwachen ein atemberaubendes Bergpanorama genie\u00dfen.<\/p><p>Kurzum, eine Reise in die Pyren\u00e4en ab Dax bietet ein unvergessliches Abenteuer in einer spektakul\u00e4ren Landschaft.<\/p>\t\t\t\t\t\t\t\t<\/div>\n\t\t\t\t<\/div>\n\t\t\t\t\t<\/div>\n\t\t<\/div>\n\t\t\t\t\t<\/div>\n\t\t<\/section>\n\t\t\t\t<section class=\"elementor-section elementor-top-section elementor-element elementor-element-db49c5c elementor-section-boxed elementor-section-height-default elementor-section-height-default\" data-id=\"db49c5c\" data-element_type=\"section\" data-e-type=\"section\">\n\t\t\t\t\t\t<div class=\"elementor-container elementor-column-gap-default\">\n\t\t\t\t\t<div class=\"elementor-column elementor-col-100 elementor-top-column elementor-element elementor-element-b8cfe45\" data-id=\"b8cfe45\" data-element_type=\"column\" data-e-type=\"column\">\n\t\t\t<div class=\"elementor-widget-wrap elementor-element-populated\">\n\t\t\t\t\t\t<div class=\"elementor-element elementor-element-8a2012e elementor-widget elementor-widget-heading\" data-id=\"8a2012e\" data-element_type=\"widget\" data-e-type=\"widget\" data-widget_type=\"heading.default\">\n\t\t\t\t<div class=\"elementor-widget-container\">\n\t\t\t\t\t<h2 class=\"elementor-heading-title elementor-size-default\">Ist es m\u00f6glich, einen umgebauten Van von Dax avec The Family Van zu mieten<\/h2>\t\t\t\t<\/div>\n\t\t\t\t<\/div>\n\t\t\t\t\t<\/div>\n\t\t<\/div>\n\t\t\t\t\t<\/div>\n\t\t<\/section>\n\t\t\t\t<section class=\"elementor-section elementor-top-section elementor-element elementor-element-be474ff elementor-section-boxed elementor-section-height-default elementor-section-height-default\" data-id=\"be474ff\" data-element_type=\"section\" data-e-type=\"section\">\n\t\t\t\t\t\t<div class=\"elementor-container elementor-column-gap-default\">\n\t\t\t\t\t<div class=\"elementor-column elementor-col-100 elementor-top-column elementor-element elementor-element-9bd2b3d\" data-id=\"9bd2b3d\" data-element_type=\"column\" data-e-type=\"column\">\n\t\t\t<div class=\"elementor-widget-wrap elementor-element-populated\">\n\t\t\t\t\t\t<div class=\"elementor-element elementor-element-290dcd7 elementor-widget elementor-widget-text-editor\" data-id=\"290dcd7\" data-element_type=\"widget\" data-e-type=\"widget\" data-widget_type=\"text-editor.default\">\n\t\t\t\t<div class=\"elementor-widget-container\">\n\t\t\t\t\t\t\t\t\t<p>Einen Transporter bei uns zu mieten ist ganz einfach! Gehen Sie auf unsere Website, auf der Sie alle unsere Dienstleistungen finden.<\/p><p>Um den Vermietungsprozess zu starten, w\u00e4hlen Sie einfach die gew\u00fcnschten Daten aus und das war&rsquo;s. Auf der Website erfahren Sie, ob einer unserer Transporter zur Anmietung verf\u00fcgbar ist, und erhalten Vorschl\u00e4ge f\u00fcr unsere verschiedenen Zusatzleistungen. So k\u00f6nnen Sie sich die Reise Ihrer Tr\u00e4ume aussuchen!<\/p><p>Wenn Sie durch diesen Artikel Lust bekommen haben, den Tourismus auf eine verantwortungsvollere Art und Weise zu erleben, dann z\u00f6gern Sie nicht und buchen Sie Ihren 100% elektrischen Transporter auf unserer Website <a href=\"https:\/\/www.thefamilyvan.fr\/\">www.thefamilyvan.fr<\/a>. Sie werden stolz darauf sein, dass Sie reisen und gleichzeitig den Planeten retten konnten!<\/p>\t\t\t\t\t\t\t\t<\/div>\n\t\t\t\t<\/div>\n\t\t\t\t\t<\/div>\n\t\t<\/div>\n\t\t\t\t\t<\/div>\n\t\t<\/section>\n\t\t\t\t<\/div>\n\t\t","protected":false},"excerpt":{"rendered":"<p>Nein, du tr\u00e4umst nicht! Ist es m\u00f6glich, einen umgebauten Transporter von Dax zu mieten. Mit The Family Van k\u00f6nnen wir Ihre Reisen im S\u00fcdwesten Frankreichs &hellip; <\/p>\n","protected":false},"author":5,"featured_media":2483,"comment_status":"open","ping_status":"open","sticky":false,"template":"","format":"standard","meta":{"_monsterinsights_skip_tracking":false,"_monsterinsights_sitenote_active":false,"_monsterinsights_sitenote_note":"","_monsterinsights_sitenote_category":0,"footnotes":""},"categories":[98],"tags":[],"class_list":["post-2116","post","type-post","status-publish","format-standard","has-post-thumbnail","hentry","category-non-classe-de","has-meta"],"aioseo_notices":[],"_links":{"self":[{"href":"https:\/\/www.thefamilyvan.fr\/blog\/wp-json\/wp\/v2\/posts\/2116","targetHints":{"allow":["GET"]}}],"collection":[{"href":"https:\/\/www.thefamilyvan.fr\/blog\/wp-json\/wp\/v2\/posts"}],"about":[{"href":"https:\/\/www.thefamilyvan.fr\/blog\/wp-json\/wp\/v2\/types\/post"}],"author":[{"embeddable":true,"href":"https:\/\/www.thefamilyvan.fr\/blog\/wp-json\/wp\/v2\/users\/5"}],"replies":[{"embeddable":true,"href":"https:\/\/www.thefamilyvan.fr\/blog\/wp-json\/wp\/v2\/comments?post=2116"}],"version-history":[{"count":80,"href":"https:\/\/www.thefamilyvan.fr\/blog\/wp-json\/wp\/v2\/posts\/2116\/revisions"}],"predecessor-version":[{"id":2486,"href":"https:\/\/www.thefamilyvan.fr\/blog\/wp-json\/wp\/v2\/posts\/2116\/revisions\/2486"}],"wp:featuredmedia":[{"embeddable":true,"href":"https:\/\/www.thefamilyvan.fr\/blog\/wp-json\/wp\/v2\/media\/2483"}],"wp:attachment":[{"href":"https:\/\/www.thefamilyvan.fr\/blog\/wp-json\/wp\/v2\/media?parent=2116"}],"wp:term":[{"taxonomy":"category","embeddable":true,"href":"https:\/\/www.thefamilyvan.fr\/blog\/wp-json\/wp\/v2\/categories?post=2116"},{"taxonomy":"post_tag","embeddable":true,"href":"https:\/\/www.thefamilyvan.fr\/blog\/wp-json\/wp\/v2\/tags?post=2116"}],"curies":[{"name":"wp","href":"https:\/\/api.w.org\/{rel}","templated":true}]}}