{"id":2409,"date":"2025-02-11T10:38:36","date_gmt":"2025-02-11T09:38:36","guid":{"rendered":"https:\/\/www.thefamilyvan.fr\/blog\/?p=2409"},"modified":"2025-02-11T10:38:39","modified_gmt":"2025-02-11T09:38:39","slug":"le-voyage-en-van-amenage-decouvrez-le-monde-a-votre-rythme","status":"publish","type":"post","link":"https:\/\/www.thefamilyvan.fr\/blog\/le-voyage-en-van-amenage-decouvrez-le-monde-a-votre-rythme\/","title":{"rendered":"Le voyage en van am\u00e9nag\u00e9, d\u00e9couvrez le monde \u00e0 votre rythme"},"content":{"rendered":"\t\t<div data-elementor-type=\"wp-post\" data-elementor-id=\"2409\" class=\"elementor elementor-2409\">\n\t\t\t\t\t\t<section class=\"elementor-section elementor-top-section elementor-element elementor-element-519c500 elementor-section-boxed elementor-section-height-default elementor-section-height-default\" data-id=\"519c500\" data-element_type=\"section\" data-e-type=\"section\">\n\t\t\t\t\t\t<div class=\"elementor-container elementor-column-gap-default\">\n\t\t\t\t\t<div class=\"elementor-column elementor-col-100 elementor-top-column elementor-element elementor-element-e750c0b\" data-id=\"e750c0b\" data-element_type=\"column\" data-e-type=\"column\">\n\t\t\t<div class=\"elementor-widget-wrap elementor-element-populated\">\n\t\t\t\t\t\t<div class=\"elementor-element elementor-element-6fe4907 elementor-widget elementor-widget-text-editor\" data-id=\"6fe4907\" data-element_type=\"widget\" data-e-type=\"widget\" data-widget_type=\"text-editor.default\">\n\t\t\t\t<div class=\"elementor-widget-container\">\n\t\t\t\t\t\t\t\t\t<p><span style=\"font-weight: 400;\">Dans un monde de plus en plus rythm\u00e9 par les horaires et les responsabilit\u00e9s, la qu\u00eate de libert\u00e9 devient une aspiration partag\u00e9e par beaucoup. Chez <a href=\"https:\/\/www.thefamilyvan.fr\/fr\">The Family Van<\/a>, nous la trouvons dans le voyage en van am\u00e9nag\u00e9, une mani\u00e8re unique de d\u00e9couvrir le monde \u00e0 son propre rythme, loin des contraintes habituelles. La vanlife incarne une philosophie de vie qui s\u00e9duit de plus en plus d&rsquo;adeptes \u00e0 travers le globe. Mais qu&rsquo;est-ce qui rend ce mode de voyage si attractif ?<\/span><\/p>\t\t\t\t\t\t\t\t<\/div>\n\t\t\t\t<\/div>\n\t\t\t\t\t<\/div>\n\t\t<\/div>\n\t\t\t\t\t<\/div>\n\t\t<\/section>\n\t\t\t\t<section class=\"elementor-section elementor-top-section elementor-element elementor-element-faf8bec elementor-section-boxed elementor-section-height-default elementor-section-height-default\" data-id=\"faf8bec\" data-element_type=\"section\" data-e-type=\"section\">\n\t\t\t\t\t\t<div class=\"elementor-container elementor-column-gap-default\">\n\t\t\t\t\t<div class=\"elementor-column elementor-col-100 elementor-top-column elementor-element elementor-element-1344b6a\" data-id=\"1344b6a\" data-element_type=\"column\" data-e-type=\"column\">\n\t\t\t<div class=\"elementor-widget-wrap elementor-element-populated\">\n\t\t\t\t\t\t<div class=\"elementor-element elementor-element-bb94ed7 elementor-widget elementor-widget-heading\" data-id=\"bb94ed7\" data-element_type=\"widget\" data-e-type=\"widget\" data-widget_type=\"heading.default\">\n\t\t\t\t<div class=\"elementor-widget-container\">\n\t\t\t\t\t<h2 class=\"elementor-heading-title elementor-size-default\">Une nouvelle mani\u00e8re de voyager<\/h2>\t\t\t\t<\/div>\n\t\t\t\t<\/div>\n\t\t\t\t\t<\/div>\n\t\t<\/div>\n\t\t\t\t\t<\/div>\n\t\t<\/section>\n\t\t\t\t<section class=\"elementor-section elementor-top-section elementor-element elementor-element-05871cf elementor-section-boxed elementor-section-height-default elementor-section-height-default\" data-id=\"05871cf\" data-element_type=\"section\" data-e-type=\"section\">\n\t\t\t\t\t\t<div class=\"elementor-container elementor-column-gap-default\">\n\t\t\t\t\t<div class=\"elementor-column elementor-col-100 elementor-top-column elementor-element elementor-element-4b3c151\" data-id=\"4b3c151\" data-element_type=\"column\" data-e-type=\"column\">\n\t\t\t<div class=\"elementor-widget-wrap elementor-element-populated\">\n\t\t\t\t\t\t<div class=\"elementor-element elementor-element-e62d911 elementor-widget elementor-widget-text-editor\" data-id=\"e62d911\" data-element_type=\"widget\" data-e-type=\"widget\" data-widget_type=\"text-editor.default\">\n\t\t\t\t<div class=\"elementor-widget-container\">\n\t\t\t\t\t\t\t\t\t<p><span style=\"font-weight: 400;\">Voyager en van am\u00e9nag\u00e9, c\u2019est avant tout embrasser une nouvelle fa\u00e7on de d\u00e9couvrir le monde. Contrairement aux voyages traditionnels, le van offre une flexibilit\u00e9 incomparable. Vous pouvez changer de destination \u00e0 tout moment, suivre les routes les moins fr\u00e9quent\u00e9es, et d\u00e9couvrir des lieux hors des sentiers battus. Chaque matin, une nouvelle vue, chaque soir, un nouveau coucher de soleil. C\u2019est une invitation \u00e0 l\u2019impr\u00e9vu, o\u00f9 chaque jour devient une aventure.<\/span><\/p>\t\t\t\t\t\t\t\t<\/div>\n\t\t\t\t<\/div>\n\t\t\t\t\t<\/div>\n\t\t<\/div>\n\t\t\t\t\t<\/div>\n\t\t<\/section>\n\t\t\t\t<section class=\"elementor-section elementor-top-section elementor-element elementor-element-7b0a21a elementor-section-boxed elementor-section-height-default elementor-section-height-default\" data-id=\"7b0a21a\" data-element_type=\"section\" data-e-type=\"section\">\n\t\t\t\t\t\t<div class=\"elementor-container elementor-column-gap-default\">\n\t\t\t\t\t<div class=\"elementor-column elementor-col-100 elementor-top-column elementor-element elementor-element-bb9a6a9\" data-id=\"bb9a6a9\" data-element_type=\"column\" data-e-type=\"column\">\n\t\t\t<div class=\"elementor-widget-wrap elementor-element-populated\">\n\t\t\t\t\t\t<div class=\"elementor-element elementor-element-1f2dc14 elementor-widget elementor-widget-heading\" data-id=\"1f2dc14\" data-element_type=\"widget\" data-e-type=\"widget\" data-widget_type=\"heading.default\">\n\t\t\t\t<div class=\"elementor-widget-container\">\n\t\t\t\t\t<h2 class=\"elementor-heading-title elementor-size-default\">Autonomie et confort, l\u2019avantage du voyage en van am\u00e9nag\u00e9<\/h2>\t\t\t\t<\/div>\n\t\t\t\t<\/div>\n\t\t\t\t\t<\/div>\n\t\t<\/div>\n\t\t\t\t\t<\/div>\n\t\t<\/section>\n\t\t\t\t<section class=\"elementor-section elementor-top-section elementor-element elementor-element-9fc9e52 elementor-section-boxed elementor-section-height-default elementor-section-height-default\" data-id=\"9fc9e52\" data-element_type=\"section\" data-e-type=\"section\">\n\t\t\t\t\t\t<div class=\"elementor-container elementor-column-gap-default\">\n\t\t\t\t\t<div class=\"elementor-column elementor-col-100 elementor-top-column elementor-element elementor-element-dbd59c3\" data-id=\"dbd59c3\" data-element_type=\"column\" data-e-type=\"column\">\n\t\t\t<div class=\"elementor-widget-wrap elementor-element-populated\">\n\t\t\t\t\t\t<div class=\"elementor-element elementor-element-a977ee6 elementor-widget elementor-widget-text-editor\" data-id=\"a977ee6\" data-element_type=\"widget\" data-e-type=\"widget\" data-widget_type=\"text-editor.default\">\n\t\t\t\t<div class=\"elementor-widget-container\">\n\t\t\t\t\t\t\t\t\t<p><span style=\"font-weight: 400;\">Un van am\u00e9nag\u00e9 n\u2019est pas qu\u2019un simple moyen de transport ; c\u2019est une v\u00e9ritable maison sur roues. Avec des am\u00e9nagements intelligents, il offre tout le confort n\u00e9cessaire : un lit, une cuisine \u00e9quip\u00e9e, des rangements astucieux et parfois m\u00eame une salle de bain. Cette autonomie permet de voyager sans se soucier de trouver un h\u00e9bergement chaque soir. De plus, en \u00e9tant \u00e9quip\u00e9 de panneaux solaires, d\u2019un r\u00e9servoir d\u2019eau et d\u2019une r\u00e9serve de nourriture, le van permet de s\u2019isoler en pleine nature pendant plusieurs jours.<\/span><\/p>\t\t\t\t\t\t\t\t<\/div>\n\t\t\t\t<\/div>\n\t\t\t\t\t<\/div>\n\t\t<\/div>\n\t\t\t\t\t<\/div>\n\t\t<\/section>\n\t\t\t\t<section class=\"elementor-section elementor-top-section elementor-element elementor-element-df74d39 elementor-section-boxed elementor-section-height-default elementor-section-height-default\" data-id=\"df74d39\" data-element_type=\"section\" data-e-type=\"section\">\n\t\t\t\t\t\t<div class=\"elementor-container elementor-column-gap-default\">\n\t\t\t\t\t<div class=\"elementor-column elementor-col-100 elementor-top-column elementor-element elementor-element-88c8d3d\" data-id=\"88c8d3d\" data-element_type=\"column\" data-e-type=\"column\">\n\t\t\t<div class=\"elementor-widget-wrap elementor-element-populated\">\n\t\t\t\t\t\t<div class=\"elementor-element elementor-element-dd6b7cb elementor-widget elementor-widget-heading\" data-id=\"dd6b7cb\" data-element_type=\"widget\" data-e-type=\"widget\" data-widget_type=\"heading.default\">\n\t\t\t\t<div class=\"elementor-widget-container\">\n\t\t\t\t\t<h2 class=\"elementor-heading-title elementor-size-default\">Le minimalisme en mouvement<\/h2>\t\t\t\t<\/div>\n\t\t\t\t<\/div>\n\t\t\t\t\t<\/div>\n\t\t<\/div>\n\t\t\t\t\t<\/div>\n\t\t<\/section>\n\t\t\t\t<section class=\"elementor-section elementor-top-section elementor-element elementor-element-624989e elementor-section-boxed elementor-section-height-default elementor-section-height-default\" data-id=\"624989e\" data-element_type=\"section\" data-e-type=\"section\">\n\t\t\t\t\t\t<div class=\"elementor-container elementor-column-gap-default\">\n\t\t\t\t\t<div class=\"elementor-column elementor-col-100 elementor-top-column elementor-element elementor-element-bde57b2\" data-id=\"bde57b2\" data-element_type=\"column\" data-e-type=\"column\">\n\t\t\t<div class=\"elementor-widget-wrap elementor-element-populated\">\n\t\t\t\t\t\t<div class=\"elementor-element elementor-element-ddf4d69 elementor-widget elementor-widget-text-editor\" data-id=\"ddf4d69\" data-element_type=\"widget\" data-e-type=\"widget\" data-widget_type=\"text-editor.default\">\n\t\t\t\t<div class=\"elementor-widget-container\">\n\t\t\t\t\t\t\t\t\t<p><span style=\"font-weight: 400;\">Le voyage en van incarne \u00e9galement une philosophie minimaliste. Dans un espace r\u00e9duit, chaque objet doit avoir une utilit\u00e9 pr\u00e9cise. Cela incite \u00e0 se concentrer sur l\u2019essentiel et \u00e0 se d\u00e9barrasser du superflu. Ce mode de vie \u00e9pur\u00e9 permet de se recentrer sur ce qui compte vraiment : les exp\u00e9riences v\u00e9cues, les rencontres, et le contact avec la nature.<\/span><\/p>\t\t\t\t\t\t\t\t<\/div>\n\t\t\t\t<\/div>\n\t\t\t\t\t<\/div>\n\t\t<\/div>\n\t\t\t\t\t<\/div>\n\t\t<\/section>\n\t\t\t\t<section class=\"elementor-section elementor-top-section elementor-element elementor-element-c62c599 elementor-section-boxed elementor-section-height-default elementor-section-height-default\" data-id=\"c62c599\" data-element_type=\"section\" data-e-type=\"section\">\n\t\t\t\t\t\t<div class=\"elementor-container elementor-column-gap-default\">\n\t\t\t\t\t<div class=\"elementor-column elementor-col-100 elementor-top-column elementor-element elementor-element-98dcee4\" data-id=\"98dcee4\" data-element_type=\"column\" data-e-type=\"column\">\n\t\t\t<div class=\"elementor-widget-wrap elementor-element-populated\">\n\t\t\t\t\t\t<div class=\"elementor-element elementor-element-a7a7ada elementor-widget elementor-widget-heading\" data-id=\"a7a7ada\" data-element_type=\"widget\" data-e-type=\"widget\" data-widget_type=\"heading.default\">\n\t\t\t\t<div class=\"elementor-widget-container\">\n\t\t\t\t\t<h2 class=\"elementor-heading-title elementor-size-default\">Un mode de vie \u00e9cologique avec le voyage en van am\u00e9nag\u00e9<\/h2>\t\t\t\t<\/div>\n\t\t\t\t<\/div>\n\t\t\t\t\t<\/div>\n\t\t<\/div>\n\t\t\t\t\t<\/div>\n\t\t<\/section>\n\t\t\t\t<section class=\"elementor-section elementor-top-section elementor-element elementor-element-ff233f6 elementor-section-boxed elementor-section-height-default elementor-section-height-default\" data-id=\"ff233f6\" data-element_type=\"section\" data-e-type=\"section\">\n\t\t\t\t\t\t<div class=\"elementor-container elementor-column-gap-default\">\n\t\t\t\t\t<div class=\"elementor-column elementor-col-100 elementor-top-column elementor-element elementor-element-c7a3d9a\" data-id=\"c7a3d9a\" data-element_type=\"column\" data-e-type=\"column\">\n\t\t\t<div class=\"elementor-widget-wrap elementor-element-populated\">\n\t\t\t\t\t\t<div class=\"elementor-element elementor-element-07c4785 elementor-widget elementor-widget-text-editor\" data-id=\"07c4785\" data-element_type=\"widget\" data-e-type=\"widget\" data-widget_type=\"text-editor.default\">\n\t\t\t\t<div class=\"elementor-widget-container\">\n\t\t\t\t\t\t\t\t\t<p><span style=\"font-weight: 400;\">Choisir le van am\u00e9nag\u00e9, c\u2019est souvent faire le choix d\u2019un mode de vie plus respectueux de l\u2019environnement. De nombreux adeptes de la vanlife optent pour des pratiques \u00e9coresponsables : utilisation de panneaux solaires, consommation raisonn\u00e9e de l\u2019eau et de l\u2019\u00e9nergie, et gestion des d\u00e9chets. Le fait de passer du temps en nature renforce aussi la sensibilisation \u00e0 la pr\u00e9servation de notre environnement.<\/span><\/p>\t\t\t\t\t\t\t\t<\/div>\n\t\t\t\t<\/div>\n\t\t\t\t\t<\/div>\n\t\t<\/div>\n\t\t\t\t\t<\/div>\n\t\t<\/section>\n\t\t\t\t<section class=\"elementor-section elementor-top-section elementor-element elementor-element-5b185ce elementor-section-boxed elementor-section-height-default elementor-section-height-default\" data-id=\"5b185ce\" data-element_type=\"section\" data-e-type=\"section\">\n\t\t\t\t\t\t<div class=\"elementor-container elementor-column-gap-default\">\n\t\t\t\t\t<div class=\"elementor-column elementor-col-100 elementor-top-column elementor-element elementor-element-4081c92\" data-id=\"4081c92\" data-element_type=\"column\" data-e-type=\"column\">\n\t\t\t<div class=\"elementor-widget-wrap elementor-element-populated\">\n\t\t\t\t\t\t<div class=\"elementor-element elementor-element-4259139 elementor-widget elementor-widget-heading\" data-id=\"4259139\" data-element_type=\"widget\" data-e-type=\"widget\" data-widget_type=\"heading.default\">\n\t\t\t\t<div class=\"elementor-widget-container\">\n\t\t\t\t\t<h2 class=\"elementor-heading-title elementor-size-default\">Pour conclure, il faut dire oui au voyage en van am\u00e9nag\u00e9<\/h2>\t\t\t\t<\/div>\n\t\t\t\t<\/div>\n\t\t\t\t\t<\/div>\n\t\t<\/div>\n\t\t\t\t\t<\/div>\n\t\t<\/section>\n\t\t\t\t<section class=\"elementor-section elementor-top-section elementor-element elementor-element-360bb4e elementor-section-boxed elementor-section-height-default elementor-section-height-default\" data-id=\"360bb4e\" data-element_type=\"section\" data-e-type=\"section\">\n\t\t\t\t\t\t<div class=\"elementor-container elementor-column-gap-default\">\n\t\t\t\t\t<div class=\"elementor-column elementor-col-100 elementor-top-column elementor-element elementor-element-f75141a\" data-id=\"f75141a\" data-element_type=\"column\" data-e-type=\"column\">\n\t\t\t<div class=\"elementor-widget-wrap elementor-element-populated\">\n\t\t\t\t\t\t<div class=\"elementor-element elementor-element-d7bf235 elementor-widget elementor-widget-text-editor\" data-id=\"d7bf235\" data-element_type=\"widget\" data-e-type=\"widget\" data-widget_type=\"text-editor.default\">\n\t\t\t\t<div class=\"elementor-widget-container\">\n\t\t\t\t\t\t\t\t\t<p><span style=\"font-weight: 400;\">Le voyage en van am\u00e9nag\u00e9 repr\u00e9sente bien plus qu\u2019un simple mode de transport ou de vacances. C\u2019est une qu\u00eate de libert\u00e9, une recherche de simplicit\u00e9 et d\u2019authenticit\u00e9. En s\u2019affranchissant des contraintes du quotidien, le van permet de vivre pleinement chaque instant, d\u2019explorer de nouveaux horizons et de red\u00e9couvrir la beaut\u00e9 du monde qui nous entoure. Pour ceux qui cherchent \u00e0 \u00e9chapper \u00e0 la routine et \u00e0 vivre une aventure humaine et enrichissante, la vanlife est sans doute la r\u00e9ponse id\u00e9ale.<\/span><\/p><p>D\u00e9couvrez l&rsquo;article de Moodgoyave sur son exp\u00e9rience de voyage en van am\u00e9nag\u00e9 <a href=\"https:\/\/www.moodgoyave.com\/la-van-life-exploration-et-liberte\/\">ici<\/a>.<\/p>\t\t\t\t\t\t\t\t<\/div>\n\t\t\t\t<\/div>\n\t\t\t\t\t<\/div>\n\t\t<\/div>\n\t\t\t\t\t<\/div>\n\t\t<\/section>\n\t\t\t\t<\/div>\n\t\t","protected":false},"excerpt":{"rendered":"<p>Dans un monde de plus en plus rythm\u00e9 par les horaires et les responsabilit\u00e9s, la qu\u00eate de libert\u00e9 devient une aspiration partag\u00e9e par beaucoup. Chez &hellip; <\/p>\n","protected":false},"author":3,"featured_media":2413,"comment_status":"open","ping_status":"open","sticky":false,"template":"","format":"standard","meta":{"_monsterinsights_skip_tracking":false,"_monsterinsights_sitenote_active":false,"_monsterinsights_sitenote_note":"","_monsterinsights_sitenote_category":0,"footnotes":""},"categories":[14,1],"tags":[],"class_list":["post-2409","post","type-post","status-publish","format-standard","has-post-thumbnail","hentry","category-tout-savoir-sur-le-voyage-en-van","category-non-classe","has-meta"],"aioseo_notices":[],"_links":{"self":[{"href":"https:\/\/www.thefamilyvan.fr\/blog\/wp-json\/wp\/v2\/posts\/2409","targetHints":{"allow":["GET"]}}],"collection":[{"href":"https:\/\/www.thefamilyvan.fr\/blog\/wp-json\/wp\/v2\/posts"}],"about":[{"href":"https:\/\/www.thefamilyvan.fr\/blog\/wp-json\/wp\/v2\/types\/post"}],"author":[{"embeddable":true,"href":"https:\/\/www.thefamilyvan.fr\/blog\/wp-json\/wp\/v2\/users\/3"}],"replies":[{"embeddable":true,"href":"https:\/\/www.thefamilyvan.fr\/blog\/wp-json\/wp\/v2\/comments?post=2409"}],"version-history":[{"count":8,"href":"https:\/\/www.thefamilyvan.fr\/blog\/wp-json\/wp\/v2\/posts\/2409\/revisions"}],"predecessor-version":[{"id":2420,"href":"https:\/\/www.thefamilyvan.fr\/blog\/wp-json\/wp\/v2\/posts\/2409\/revisions\/2420"}],"wp:featuredmedia":[{"embeddable":true,"href":"https:\/\/www.thefamilyvan.fr\/blog\/wp-json\/wp\/v2\/media\/2413"}],"wp:attachment":[{"href":"https:\/\/www.thefamilyvan.fr\/blog\/wp-json\/wp\/v2\/media?parent=2409"}],"wp:term":[{"taxonomy":"category","embeddable":true,"href":"https:\/\/www.thefamilyvan.fr\/blog\/wp-json\/wp\/v2\/categories?post=2409"},{"taxonomy":"post_tag","embeddable":true,"href":"https:\/\/www.thefamilyvan.fr\/blog\/wp-json\/wp\/v2\/tags?post=2409"}],"curies":[{"name":"wp","href":"https:\/\/api.w.org\/{rel}","templated":true}]}}