{"id":2543,"date":"2025-02-13T14:07:04","date_gmt":"2025-02-13T13:07:04","guid":{"rendered":"https:\/\/www.thefamilyvan.fr\/blog\/?p=2543"},"modified":"2025-02-13T14:11:47","modified_gmt":"2025-02-13T13:11:47","slug":"surfcamp-fur-anfanger-in-frankreich","status":"publish","type":"post","link":"https:\/\/www.thefamilyvan.fr\/blog\/de\/surfcamp-fur-anfanger-in-frankreich\/","title":{"rendered":"Ein Surfcamp f\u00fcr Anf\u00e4nger in Frankreich ausprobieren"},"content":{"rendered":"\t\t<div data-elementor-type=\"wp-post\" data-elementor-id=\"2543\" class=\"elementor elementor-2543\">\n\t\t\t\t\t\t<section class=\"elementor-section elementor-top-section elementor-element elementor-element-5b4c06b elementor-section-boxed elementor-section-height-default elementor-section-height-default\" data-id=\"5b4c06b\" data-element_type=\"section\" data-e-type=\"section\">\n\t\t\t\t\t\t<div class=\"elementor-container elementor-column-gap-default\">\n\t\t\t\t\t<div class=\"elementor-column elementor-col-100 elementor-top-column elementor-element elementor-element-4c4e206\" data-id=\"4c4e206\" data-element_type=\"column\" data-e-type=\"column\">\n\t\t\t<div class=\"elementor-widget-wrap elementor-element-populated\">\n\t\t\t\t\t\t<div class=\"elementor-element elementor-element-c436417 elementor-widget elementor-widget-text-editor\" data-id=\"c436417\" data-element_type=\"widget\" data-e-type=\"widget\" data-widget_type=\"text-editor.default\">\n\t\t\t\t<div class=\"elementor-widget-container\">\n\t\t\t\t\t\t\t\t\t<p dir=\"auto\">In diesem Jahr haben Sie sich entschieden: Sie gehen ins <a href=\"https:\/\/www.thefamilyvan.de\/de\/the-family-surf-de\">Surfcamp f\u00fcr Anf\u00e4nger in Frankreich<\/a>! Aber Sie wissen nicht, wo Sie anfangen sollen: Keine Sorge, wir haben die L\u00f6sung. Ein Surfcamp f\u00fcr Anf\u00e4nger in Frankreich ist die beste L\u00f6sung, um mit dem Surfen zu beginnen. Unter den verschiedenen verf\u00fcgbaren Optionen sticht The Family Van mit seinem einzigartigen Angebot an mobilen Surf-Retreats in einem elektrisch ausgestatteten Wohnmobil hervor. Werfen wir einen genaueren Blick auf dieses einzigartige und originelle Angebot an mobilen Surf-Retreats in einem elektrisch ausgestatteten Wohnmobil.<\/p>\t\t\t\t\t\t\t\t<\/div>\n\t\t\t\t<\/div>\n\t\t\t\t\t<\/div>\n\t\t<\/div>\n\t\t\t\t\t<\/div>\n\t\t<\/section>\n\t\t\t\t<section class=\"elementor-section elementor-top-section elementor-element elementor-element-fade6b7 elementor-section-boxed elementor-section-height-default elementor-section-height-default\" data-id=\"fade6b7\" data-element_type=\"section\" data-e-type=\"section\">\n\t\t\t\t\t\t<div class=\"elementor-container elementor-column-gap-default\">\n\t\t\t\t\t<div class=\"elementor-column elementor-col-100 elementor-top-column elementor-element elementor-element-86f0584\" data-id=\"86f0584\" data-element_type=\"column\" data-e-type=\"column\">\n\t\t\t<div class=\"elementor-widget-wrap elementor-element-populated\">\n\t\t\t\t\t\t<div class=\"elementor-element elementor-element-5122455 elementor-widget elementor-widget-heading\" data-id=\"5122455\" data-element_type=\"widget\" data-e-type=\"widget\" data-widget_type=\"heading.default\">\n\t\t\t\t<div class=\"elementor-widget-container\">\n\t\t\t\t\t<h2 class=\"elementor-heading-title elementor-size-default\">Die Vorteile eines Surfcamps f\u00fcr Anf\u00e4nger in Frankreich<\/h2>\t\t\t\t<\/div>\n\t\t\t\t<\/div>\n\t\t\t\t\t<\/div>\n\t\t<\/div>\n\t\t\t\t\t<\/div>\n\t\t<\/section>\n\t\t\t\t<section class=\"elementor-section elementor-top-section elementor-element elementor-element-5e7dc32 elementor-section-boxed elementor-section-height-default elementor-section-height-default\" data-id=\"5e7dc32\" data-element_type=\"section\" data-e-type=\"section\">\n\t\t\t\t\t\t<div class=\"elementor-container elementor-column-gap-default\">\n\t\t\t\t\t<div class=\"elementor-column elementor-col-100 elementor-top-column elementor-element elementor-element-fbed767\" data-id=\"fbed767\" data-element_type=\"column\" data-e-type=\"column\">\n\t\t\t<div class=\"elementor-widget-wrap elementor-element-populated\">\n\t\t\t\t\t\t<div class=\"elementor-element elementor-element-5d3fd11 elementor-widget elementor-widget-text-editor\" data-id=\"5d3fd11\" data-element_type=\"widget\" data-e-type=\"widget\" data-widget_type=\"text-editor.default\">\n\t\t\t\t<div class=\"elementor-widget-container\">\n\t\t\t\t\t\t\t\t\t<p dir=\"auto\">Neben der idealen Lage, die der S\u00fcdwesten f\u00fcr ein Surfcamp bietet (mit weltbekannten Surfspots), hat die Teilnahme an einem Anf\u00e4nger-Surfcamp in Frankreich viele Vorteile: Anleitung durch qualifizierte Surflehrer, um Fortschritte zu machen, w\u00e4hrend man Spa\u00df hat und sich selbst herausfordert, eine freundliche und privilegierte Umgebung sowie die M\u00f6glichkeit, Menschen zu treffen und unvergessliche Momente zu teilen.<\/p>\t\t\t\t\t\t\t\t<\/div>\n\t\t\t\t<\/div>\n\t\t\t\t\t<\/div>\n\t\t<\/div>\n\t\t\t\t\t<\/div>\n\t\t<\/section>\n\t\t\t\t<section class=\"elementor-section elementor-top-section elementor-element elementor-element-c4abf20 elementor-section-boxed elementor-section-height-default elementor-section-height-default\" data-id=\"c4abf20\" data-element_type=\"section\" data-e-type=\"section\">\n\t\t\t\t\t\t<div class=\"elementor-container elementor-column-gap-default\">\n\t\t\t\t\t<div class=\"elementor-column elementor-col-100 elementor-top-column elementor-element elementor-element-9c19b38\" data-id=\"9c19b38\" data-element_type=\"column\" data-e-type=\"column\">\n\t\t\t<div class=\"elementor-widget-wrap elementor-element-populated\">\n\t\t\t\t\t\t<div class=\"elementor-element elementor-element-1056c37 elementor-widget elementor-widget-heading\" data-id=\"1056c37\" data-element_type=\"widget\" data-e-type=\"widget\" data-widget_type=\"heading.default\">\n\t\t\t\t<div class=\"elementor-widget-container\">\n\t\t\t\t\t<h2 class=\"elementor-heading-title elementor-size-default\">The Family Van: Ein mobiles, umweltfreundliches Surf-Retreat im Elektro-Wohnmobil<\/h2>\t\t\t\t<\/div>\n\t\t\t\t<\/div>\n\t\t\t\t\t<\/div>\n\t\t<\/div>\n\t\t\t\t\t<\/div>\n\t\t<\/section>\n\t\t\t\t<section class=\"elementor-section elementor-top-section elementor-element elementor-element-bed964c elementor-section-boxed elementor-section-height-default elementor-section-height-default\" data-id=\"bed964c\" data-element_type=\"section\" data-e-type=\"section\">\n\t\t\t\t\t\t<div class=\"elementor-container elementor-column-gap-default\">\n\t\t\t\t\t<div class=\"elementor-column elementor-col-100 elementor-top-column elementor-element elementor-element-bdfd94f\" data-id=\"bdfd94f\" data-element_type=\"column\" data-e-type=\"column\">\n\t\t\t<div class=\"elementor-widget-wrap elementor-element-populated\">\n\t\t\t\t\t\t<div class=\"elementor-element elementor-element-33d12d1 elementor-widget elementor-widget-text-editor\" data-id=\"33d12d1\" data-element_type=\"widget\" data-e-type=\"widget\" data-widget_type=\"text-editor.default\">\n\t\t\t\t<div class=\"elementor-widget-container\">\n\t\t\t\t\t\t\t\t\t<p dir=\"auto\">The Family Van bietet ein Surfcamp f\u00fcr Anf\u00e4nger in Frankreich im mobilen Format an. W\u00e4hrend Sie mit 100 % elektrischen Wohnmobilen reisen, entdecken Sie die sch\u00f6nsten Surfspots im S\u00fcdwesten Frankreichs und schonen dabei die Umwelt. Die Gruppenreisen von The Family Van zeichnen sich aus durch:<\/p><ul><li><strong>Professionelle Begleitung w\u00e4hrend des gesamten Aufenthalts:<\/strong>\u00a0Unsere Partnersurfschulen begleiten Sie die ganze Woche \u00fcber. Sie geben Ihnen pers\u00f6nliche und auf Ihr Niveau abgestimmte Ratschl\u00e4ge, um Ihnen zu helfen, schnell und sicher Fortschritte zu machen.<\/li><li><strong>Unabh\u00e4ngigkeit:<\/strong>\u00a0Dank unserer ausgestatteten Wohnmobile k\u00f6nnen Sie sich tags\u00fcber frei bewegen. Im Gegensatz zu einem herk\u00f6mmlichen Surf-Retreat, bei dem Sie w\u00e4hrend Ihres Aufenthalts am selben Ort bleiben, haben Sie die M\u00f6glichkeit, die Region bequem zu erkunden!<\/li><li><strong>Komfort und Originalit\u00e4t:<\/strong>\u00a0Unsere Wohnmobile sind mit allem ausgestattet, was Sie brauchen, um sich wie zu Hause zu f\u00fchlen: K\u00fcchenzeile, Trockentoilette, Stauraum, Schlaf- und Wohnbereich.<\/li><li><strong>Umweltfreundlichkeit:<\/strong>\u00a0Wenn Sie sich f\u00fcr The Family Van entscheiden, w\u00e4hlen Sie ein umweltfreundliches Surfcamp, das die Umwelt respektiert, ohne Kompromisse beim Komfort einzugehen. Unsere Elektrofahrzeuge (Automatik) erm\u00f6glichen eine ger\u00e4uschlose und emissionsfreie Fahrt, die das Reisen im Slow-Travel-Stil f\u00f6rdert!<\/li><li><strong>Unvergessliche Begegnungen:<\/strong>\u00a0Mit einem Wohnmobil zu reisen bedeutet, anders zu reisen! Teilen Sie intensive und privilegierte Momente mit den anderen Teilnehmern und kehren Sie verwandelt von Ihrem Aufenthalt im Wohnmobil zur\u00fcck \ud83d\ude42<\/li><\/ul>\t\t\t\t\t\t\t\t<\/div>\n\t\t\t\t<\/div>\n\t\t\t\t\t<\/div>\n\t\t<\/div>\n\t\t\t\t\t<\/div>\n\t\t<\/section>\n\t\t\t\t<section class=\"elementor-section elementor-top-section elementor-element elementor-element-18b57aa elementor-section-boxed elementor-section-height-default elementor-section-height-default\" data-id=\"18b57aa\" data-element_type=\"section\" data-e-type=\"section\">\n\t\t\t\t\t\t<div class=\"elementor-container elementor-column-gap-default\">\n\t\t\t\t\t<div class=\"elementor-column elementor-col-100 elementor-top-column elementor-element elementor-element-2f0c65e\" data-id=\"2f0c65e\" data-element_type=\"column\" data-e-type=\"column\">\n\t\t\t<div class=\"elementor-widget-wrap elementor-element-populated\">\n\t\t\t\t\t\t<div class=\"elementor-element elementor-element-ee6e465 elementor-widget elementor-widget-image\" data-id=\"ee6e465\" data-element_type=\"widget\" data-e-type=\"widget\" data-widget_type=\"image.default\">\n\t\t\t\t<div class=\"elementor-widget-container\">\n\t\t\t\t\t\t\t\t\t\t\t\t\t\t\t<img fetchpriority=\"high\" decoding=\"async\" width=\"740\" height=\"1024\" src=\"https:\/\/www.thefamilyvan.fr\/blog\/wp-content\/uploads\/2025\/02\/DSCF0636-1-740x1024.jpg\" class=\"attachment-large size-large wp-image-2551\" alt=\"Surfcamp f\u00fcr Anf\u00e4nger in Frankreich\" srcset=\"https:\/\/www.thefamilyvan.fr\/blog\/wp-content\/uploads\/2025\/02\/DSCF0636-1-740x1024.jpg 740w, https:\/\/www.thefamilyvan.fr\/blog\/wp-content\/uploads\/2025\/02\/DSCF0636-1-217x300.jpg 217w, https:\/\/www.thefamilyvan.fr\/blog\/wp-content\/uploads\/2025\/02\/DSCF0636-1-768x1062.jpg 768w, https:\/\/www.thefamilyvan.fr\/blog\/wp-content\/uploads\/2025\/02\/DSCF0636-1-1110x1536.jpg 1110w, https:\/\/www.thefamilyvan.fr\/blog\/wp-content\/uploads\/2025\/02\/DSCF0636-1-1481x2048.jpg 1481w, https:\/\/www.thefamilyvan.fr\/blog\/wp-content\/uploads\/2025\/02\/DSCF0636-1.jpg 1735w\" sizes=\"(max-width: 740px) 100vw, 740px\" \/>\t\t\t\t\t\t\t\t\t\t\t\t\t\t\t<\/div>\n\t\t\t\t<\/div>\n\t\t\t\t\t<\/div>\n\t\t<\/div>\n\t\t\t\t\t<\/div>\n\t\t<\/section>\n\t\t\t\t<section class=\"elementor-section elementor-top-section elementor-element elementor-element-7ceb8cd elementor-section-boxed elementor-section-height-default elementor-section-height-default\" data-id=\"7ceb8cd\" data-element_type=\"section\" data-e-type=\"section\">\n\t\t\t\t\t\t<div class=\"elementor-container elementor-column-gap-default\">\n\t\t\t\t\t<div class=\"elementor-column elementor-col-100 elementor-top-column elementor-element elementor-element-88904a0\" data-id=\"88904a0\" data-element_type=\"column\" data-e-type=\"column\">\n\t\t\t<div class=\"elementor-widget-wrap elementor-element-populated\">\n\t\t\t\t\t\t<div class=\"elementor-element elementor-element-41645bb elementor-widget elementor-widget-heading\" data-id=\"41645bb\" data-element_type=\"widget\" data-e-type=\"widget\" data-widget_type=\"heading.default\">\n\t\t\t\t<div class=\"elementor-widget-container\">\n\t\t\t\t\t<h2 class=\"elementor-heading-title elementor-size-default\">Die besten Surfspots f\u00fcr Anf\u00e4nger im S\u00fcdwesten Frankreichs<\/h2>\t\t\t\t<\/div>\n\t\t\t\t<\/div>\n\t\t\t\t\t<\/div>\n\t\t<\/div>\n\t\t\t\t\t<\/div>\n\t\t<\/section>\n\t\t\t\t<section class=\"elementor-section elementor-top-section elementor-element elementor-element-2fe24b3 elementor-section-boxed elementor-section-height-default elementor-section-height-default\" data-id=\"2fe24b3\" data-element_type=\"section\" data-e-type=\"section\">\n\t\t\t\t\t\t<div class=\"elementor-container elementor-column-gap-default\">\n\t\t\t\t\t<div class=\"elementor-column elementor-col-100 elementor-top-column elementor-element elementor-element-a19c0ad\" data-id=\"a19c0ad\" data-element_type=\"column\" data-e-type=\"column\">\n\t\t\t<div class=\"elementor-widget-wrap elementor-element-populated\">\n\t\t\t\t\t\t<div class=\"elementor-element elementor-element-579664d elementor-widget elementor-widget-text-editor\" data-id=\"579664d\" data-element_type=\"widget\" data-e-type=\"widget\" data-widget_type=\"text-editor.default\">\n\t\t\t\t<div class=\"elementor-widget-container\">\n\t\t\t\t\t\t\t\t\t<p dir=\"auto\">Der S\u00fcdwesten Frankreichs ist voll von Surfspots, die sich f\u00fcr Anf\u00e4nger eignen. Mit The Family Van haben Sie die M\u00f6glichkeit, an unverzichtbaren Spots entlang der K\u00fcste zu surfen:<\/p><ul><li><strong>Biscarrosse:<\/strong>\u00a0Die langen Sandstr\u00e4nde und die zug\u00e4nglichen Wellen machen diesen Spot ideal f\u00fcr Anf\u00e4nger.<\/li><li><strong>Capbreton:<\/strong>\u00a0Die Str\u00e4nde von Capbreton bieten ideale Bereiche, um das Surfen zu erlernen und die ersten glatten Wellen zu erwischen!<\/li><li><strong>Biarritz:<\/strong>\u00a0Ein legend\u00e4rer Surfspot, La C\u00f4te des Basques, ist dank seiner regelm\u00e4\u00dfigen Wellen und renommierten Surfschulen der perfekte Ort f\u00fcr ein Surfcamp f\u00fcr Anf\u00e4nger in Frankreich.<\/li><\/ul>\t\t\t\t\t\t\t\t<\/div>\n\t\t\t\t<\/div>\n\t\t\t\t\t<\/div>\n\t\t<\/div>\n\t\t\t\t\t<\/div>\n\t\t<\/section>\n\t\t\t\t<section class=\"elementor-section elementor-top-section elementor-element elementor-element-8cc1fd5 elementor-section-boxed elementor-section-height-default elementor-section-height-default\" data-id=\"8cc1fd5\" data-element_type=\"section\" data-e-type=\"section\">\n\t\t\t\t\t\t<div class=\"elementor-container elementor-column-gap-default\">\n\t\t\t\t\t<div class=\"elementor-column elementor-col-100 elementor-top-column elementor-element elementor-element-18f4b42\" data-id=\"18f4b42\" data-element_type=\"column\" data-e-type=\"column\">\n\t\t\t<div class=\"elementor-widget-wrap elementor-element-populated\">\n\t\t\t\t\t\t<div class=\"elementor-element elementor-element-a3053dd elementor-widget elementor-widget-text-editor\" data-id=\"a3053dd\" data-element_type=\"widget\" data-e-type=\"widget\" data-widget_type=\"text-editor.default\">\n\t\t\t\t<div class=\"elementor-widget-container\">\n\t\t\t\t\t\t\t\t\t<p dir=\"auto\"><strong>Buchen Sie jetzt Ihren Platz!<\/strong><\/p><p dir=\"auto\">Schlie\u00dfen Sie sich uns f\u00fcr ein unvergessliches Surf-Retreat f\u00fcr Anf\u00e4nger mit The Family Van an. Buchen Sie jetzt Ihren Platz und bereiten Sie sich auf ein au\u00dfergew\u00f6hnliches menschliches und sportliches Abenteuer vor.<\/p><p dir=\"auto\"><strong>Kontaktieren Sie uns:<\/strong><\/p><p dir=\"auto\">Website: <a href=\"http:\/\/www.thefamilyvan.fr\/\">www.thefamilyvan.fr<\/a><\/p><p dir=\"auto\">E-Mail: <a href=\"mailto:contact@thefamilyvan.fr\">contact@thefamilyvan.fr<\/a><\/p><p dir=\"auto\">Telefon: +33 7 83 62 48 89<\/p><p dir=\"auto\">Instagram: @thefamilyvanfr<\/p><p dir=\"auto\">Wenn Sie sich f\u00fcr <a href=\"https:\/\/www.thefamilyvan.de\/de\/the-family-surf-de\">The Family Van f\u00fcr Ihr Anf\u00e4nger-Surfcamp<\/a> im S\u00fcdwesten entscheiden, w\u00e4hlen Sie eine ideale Einf\u00fchrung in das Surfen, betreut von Profis und mit einem mobilen Format f\u00fcr eine umfassende und umweltfreundliche Reise.<\/p>\t\t\t\t\t\t\t\t<\/div>\n\t\t\t\t<\/div>\n\t\t\t\t\t<\/div>\n\t\t<\/div>\n\t\t\t\t\t<\/div>\n\t\t<\/section>\n\t\t\t\t<\/div>\n\t\t","protected":false},"excerpt":{"rendered":"<p>In diesem Jahr haben Sie sich entschieden: Sie gehen ins Surfcamp f\u00fcr Anf\u00e4nger in Frankreich! Aber Sie wissen nicht, wo Sie anfangen sollen: Keine Sorge, &hellip; <\/p>\n","protected":false},"author":2,"featured_media":2558,"comment_status":"open","ping_status":"open","sticky":false,"template":"","format":"standard","meta":{"_monsterinsights_skip_tracking":false,"_monsterinsights_sitenote_active":false,"_monsterinsights_sitenote_note":"","_monsterinsights_sitenote_category":0,"footnotes":""},"categories":[98],"tags":[],"class_list":["post-2543","post","type-post","status-publish","format-standard","has-post-thumbnail","hentry","category-non-classe-de","has-meta"],"aioseo_notices":[],"_links":{"self":[{"href":"https:\/\/www.thefamilyvan.fr\/blog\/wp-json\/wp\/v2\/posts\/2543","targetHints":{"allow":["GET"]}}],"collection":[{"href":"https:\/\/www.thefamilyvan.fr\/blog\/wp-json\/wp\/v2\/posts"}],"about":[{"href":"https:\/\/www.thefamilyvan.fr\/blog\/wp-json\/wp\/v2\/types\/post"}],"author":[{"embeddable":true,"href":"https:\/\/www.thefamilyvan.fr\/blog\/wp-json\/wp\/v2\/users\/2"}],"replies":[{"embeddable":true,"href":"https:\/\/www.thefamilyvan.fr\/blog\/wp-json\/wp\/v2\/comments?post=2543"}],"version-history":[{"count":17,"href":"https:\/\/www.thefamilyvan.fr\/blog\/wp-json\/wp\/v2\/posts\/2543\/revisions"}],"predecessor-version":[{"id":2562,"href":"https:\/\/www.thefamilyvan.fr\/blog\/wp-json\/wp\/v2\/posts\/2543\/revisions\/2562"}],"wp:featuredmedia":[{"embeddable":true,"href":"https:\/\/www.thefamilyvan.fr\/blog\/wp-json\/wp\/v2\/media\/2558"}],"wp:attachment":[{"href":"https:\/\/www.thefamilyvan.fr\/blog\/wp-json\/wp\/v2\/media?parent=2543"}],"wp:term":[{"taxonomy":"category","embeddable":true,"href":"https:\/\/www.thefamilyvan.fr\/blog\/wp-json\/wp\/v2\/categories?post=2543"},{"taxonomy":"post_tag","embeddable":true,"href":"https:\/\/www.thefamilyvan.fr\/blog\/wp-json\/wp\/v2\/tags?post=2543"}],"curies":[{"name":"wp","href":"https:\/\/api.w.org\/{rel}","templated":true}]}}