{"id":2620,"date":"2025-04-04T15:54:12","date_gmt":"2025-04-04T13:54:12","guid":{"rendered":"https:\/\/www.thefamilyvan.fr\/blog\/?p=2620"},"modified":"2025-04-04T15:54:14","modified_gmt":"2025-04-04T13:54:14","slug":"warum-ein-surfcamp-im-sudwesten-frankreichs-wahlen","status":"publish","type":"post","link":"https:\/\/www.thefamilyvan.fr\/blog\/de\/warum-ein-surfcamp-im-sudwesten-frankreichs-wahlen\/","title":{"rendered":"Warum ein Surfcamp im S\u00fcdwesten Frankreichs w\u00e4hlen?"},"content":{"rendered":"\t\t<div data-elementor-type=\"wp-post\" data-elementor-id=\"2620\" class=\"elementor elementor-2620\">\n\t\t\t\t\t\t<section class=\"elementor-section elementor-top-section elementor-element elementor-element-4bb09a6 elementor-section-boxed elementor-section-height-default elementor-section-height-default\" data-id=\"4bb09a6\" data-element_type=\"section\" data-e-type=\"section\">\n\t\t\t\t\t\t<div class=\"elementor-container elementor-column-gap-default\">\n\t\t\t\t\t<div class=\"elementor-column elementor-col-100 elementor-top-column elementor-element elementor-element-eae6bec\" data-id=\"eae6bec\" data-element_type=\"column\" data-e-type=\"column\">\n\t\t\t<div class=\"elementor-widget-wrap elementor-element-populated\">\n\t\t\t\t\t\t<div class=\"elementor-element elementor-element-c7149e3 elementor-widget elementor-widget-text-editor\" data-id=\"c7149e3\" data-element_type=\"widget\" data-e-type=\"widget\" data-widget_type=\"text-editor.default\">\n\t\t\t\t<div class=\"elementor-widget-container\">\n\t\t\t\t\t\t\t\t\t<p>Haben Sie sich zum Ziel gesetzt, 2025 mit dem Surfen zu beginnen oder Ihre F\u00e4higkeiten zu verbessern? Ein <a href=\"https:\/\/www.thefamilyvan.de\/de\/the-family-surf-de\">Surfcamp im S\u00fcdwesten Frankreichs<\/a> scheint die ideale Option zu sein! Bekannt f\u00fcr seine au\u00dfergew\u00f6hnlichen Spots, die sowohl f\u00fcr Anf\u00e4nger als auch f\u00fcr Fortgeschrittene geeignet sind, erfahren Sie in diesem Artikel, warum der S\u00fcdwesten das perfekte Ziel f\u00fcr Ihr n\u00e4chstes Surfcamp ist.<\/p>\t\t\t\t\t\t\t\t<\/div>\n\t\t\t\t<\/div>\n\t\t\t\t\t<\/div>\n\t\t<\/div>\n\t\t\t\t\t<\/div>\n\t\t<\/section>\n\t\t\t\t<section class=\"elementor-section elementor-top-section elementor-element elementor-element-3f00436 elementor-section-boxed elementor-section-height-default elementor-section-height-default\" data-id=\"3f00436\" data-element_type=\"section\" data-e-type=\"section\">\n\t\t\t\t\t\t<div class=\"elementor-container elementor-column-gap-default\">\n\t\t\t\t\t<div class=\"elementor-column elementor-col-100 elementor-top-column elementor-element elementor-element-3cab109\" data-id=\"3cab109\" data-element_type=\"column\" data-e-type=\"column\">\n\t\t\t<div class=\"elementor-widget-wrap elementor-element-populated\">\n\t\t\t\t\t\t<div class=\"elementor-element elementor-element-a882e4d elementor-widget elementor-widget-heading\" data-id=\"a882e4d\" data-element_type=\"widget\" data-e-type=\"widget\" data-widget_type=\"heading.default\">\n\t\t\t\t<div class=\"elementor-widget-container\">\n\t\t\t\t\t<h2 class=\"elementor-heading-title elementor-size-default\">Vorteile ein Surfcamp im S\u00fcdwesten Frankreichs<\/h2>\t\t\t\t<\/div>\n\t\t\t\t<\/div>\n\t\t\t\t\t<\/div>\n\t\t<\/div>\n\t\t\t\t\t<\/div>\n\t\t<\/section>\n\t\t\t\t<section class=\"elementor-section elementor-top-section elementor-element elementor-element-d2e4f8c elementor-section-boxed elementor-section-height-default elementor-section-height-default\" data-id=\"d2e4f8c\" data-element_type=\"section\" data-e-type=\"section\">\n\t\t\t\t\t\t<div class=\"elementor-container elementor-column-gap-default\">\n\t\t\t\t\t<div class=\"elementor-column elementor-col-100 elementor-top-column elementor-element elementor-element-e823688\" data-id=\"e823688\" data-element_type=\"column\" data-e-type=\"column\">\n\t\t\t<div class=\"elementor-widget-wrap elementor-element-populated\">\n\t\t\t\t\t\t<div class=\"elementor-element elementor-element-ea99ea7 elementor-widget elementor-widget-text-editor\" data-id=\"ea99ea7\" data-element_type=\"widget\" data-e-type=\"widget\" data-widget_type=\"text-editor.default\">\n\t\t\t\t<div class=\"elementor-widget-container\">\n\t\t\t\t\t\t\t\t\t<ol><li style=\"font-weight: 400;\" aria-level=\"1\"><b>Weltbekannte Surfspots :<\/b><span style=\"font-weight: 400;\"> Der S\u00fcdwesten Frankreichs ist weltweit f\u00fcr seine Surfspots bekannt, die auch Stationen vieler internationaler Wettbewerbe sind. Von den Str\u00e4nden Biarritz&rsquo; bis zu den ber\u00fchmten Shorebreaks von Hossegor und den kilometerlangen wundersch\u00f6nen Str\u00e4nden von Biscarrosse (unter anderem!) scheint ein Surfcamp im S\u00fcdwesten die ideale Option zu sein, um Fortschritte zu machen und gleichzeitig Bedingungen zu genie\u00dfen, die f\u00fcr alle Niveaus geeignet sind, je nach gew\u00e4hltem Strand.<\/span><\/li><li style=\"font-weight: 400;\" aria-level=\"1\"><b>Ein Aufenthalt ganz nach Ihren Outdoor-W\u00fcnschen<\/b><span style=\"font-weight: 400;\">\u00a0: Ein Surfcamp im S\u00fcdwesten Frankreichs garantiert Ihnen die Entdeckung einer Region mit vielf\u00e4ltigen und atemberaubenden Landschaften, die den S\u00fcdwesten ber\u00fchmt machen! F\u00fcr jeden Geschmack ist etwas dabei: endlose Kiefernw\u00e4lder, wundersch\u00f6ne Wanderungen zu den Pottok-Ponys oder kilometerlange Str\u00e4nde, an denen Platz f\u00fcr alle ist. Staunen und Erholung sind garantiert, wenn Sie sich entscheiden, sich im Rahmen eines Surfcamps im S\u00fcdwesten zu erholen.<\/span><\/li><li style=\"font-weight: 400;\" aria-level=\"1\"><b>Eine vielf\u00e4ltige Gastronomie :<\/b><span style=\"font-weight: 400;\"> Wenn Sie sich f\u00fcr ein Surfcamp im S\u00fcdwesten Frankreichs entscheiden, sollten Sie die lokale K\u00fcche nicht verpassen: gegrillte Chipirons, Basque-Pastete, lokale Weine, Pastis Landais&#8230; um nur einige zu nennen. Gut reisen hei\u00dft auch gut essen: Sie werden nicht entt\u00e4uscht sein!<\/span><\/li><\/ol>\t\t\t\t\t\t\t\t<\/div>\n\t\t\t\t<\/div>\n\t\t\t\t\t<\/div>\n\t\t<\/div>\n\t\t\t\t\t<\/div>\n\t\t<\/section>\n\t\t\t\t<section class=\"elementor-section elementor-top-section elementor-element elementor-element-5be3dfa elementor-section-boxed elementor-section-height-default elementor-section-height-default\" data-id=\"5be3dfa\" data-element_type=\"section\" data-e-type=\"section\">\n\t\t\t\t\t\t<div class=\"elementor-container elementor-column-gap-default\">\n\t\t\t\t\t<div class=\"elementor-column elementor-col-100 elementor-top-column elementor-element elementor-element-8291d03\" data-id=\"8291d03\" data-element_type=\"column\" data-e-type=\"column\">\n\t\t\t<div class=\"elementor-widget-wrap elementor-element-populated\">\n\t\t\t\t\t\t<div class=\"elementor-element elementor-element-e85fb3d elementor-widget elementor-widget-image\" data-id=\"e85fb3d\" data-element_type=\"widget\" data-e-type=\"widget\" data-widget_type=\"image.default\">\n\t\t\t\t<div class=\"elementor-widget-container\">\n\t\t\t\t\t\t\t\t\t\t\t\t\t\t\t<img fetchpriority=\"high\" decoding=\"async\" width=\"683\" height=\"1024\" src=\"https:\/\/www.thefamilyvan.fr\/blog\/wp-content\/uploads\/2025\/04\/89c69108-411d-4f60-bfcc-405fe2a03ad8-1-683x1024.jpg\" class=\"attachment-large size-large wp-image-2745\" alt=\"Warum ein Surfcamp im S\u00fcdwesten Frankreichs w\u00e4hlen?\" srcset=\"https:\/\/www.thefamilyvan.fr\/blog\/wp-content\/uploads\/2025\/04\/89c69108-411d-4f60-bfcc-405fe2a03ad8-1-683x1024.jpg 683w, https:\/\/www.thefamilyvan.fr\/blog\/wp-content\/uploads\/2025\/04\/89c69108-411d-4f60-bfcc-405fe2a03ad8-1-200x300.jpg 200w, https:\/\/www.thefamilyvan.fr\/blog\/wp-content\/uploads\/2025\/04\/89c69108-411d-4f60-bfcc-405fe2a03ad8-1-768x1152.jpg 768w, https:\/\/www.thefamilyvan.fr\/blog\/wp-content\/uploads\/2025\/04\/89c69108-411d-4f60-bfcc-405fe2a03ad8-1-1024x1536.jpg 1024w, https:\/\/www.thefamilyvan.fr\/blog\/wp-content\/uploads\/2025\/04\/89c69108-411d-4f60-bfcc-405fe2a03ad8-1-1365x2048.jpg 1365w, https:\/\/www.thefamilyvan.fr\/blog\/wp-content\/uploads\/2025\/04\/89c69108-411d-4f60-bfcc-405fe2a03ad8-1.jpg 1600w\" sizes=\"(max-width: 683px) 100vw, 683px\" \/>\t\t\t\t\t\t\t\t\t\t\t\t\t\t\t<\/div>\n\t\t\t\t<\/div>\n\t\t\t\t\t<\/div>\n\t\t<\/div>\n\t\t\t\t\t<\/div>\n\t\t<\/section>\n\t\t\t\t<section class=\"elementor-section elementor-top-section elementor-element elementor-element-1351a96 elementor-section-boxed elementor-section-height-default elementor-section-height-default\" data-id=\"1351a96\" data-element_type=\"section\" data-e-type=\"section\">\n\t\t\t\t\t\t<div class=\"elementor-container elementor-column-gap-default\">\n\t\t\t\t\t<div class=\"elementor-column elementor-col-100 elementor-top-column elementor-element elementor-element-a36cd04\" data-id=\"a36cd04\" data-element_type=\"column\" data-e-type=\"column\">\n\t\t\t<div class=\"elementor-widget-wrap elementor-element-populated\">\n\t\t\t\t\t\t<div class=\"elementor-element elementor-element-fa44cec elementor-widget elementor-widget-heading\" data-id=\"fa44cec\" data-element_type=\"widget\" data-e-type=\"widget\" data-widget_type=\"heading.default\">\n\t\t\t\t<div class=\"elementor-widget-container\">\n\t\t\t\t\t<h2 class=\"elementor-heading-title elementor-size-default\">The Family Van: Die ideale Wahl f\u00fcr ein Surfcamp im S\u00fcdwesten<\/h2>\t\t\t\t<\/div>\n\t\t\t\t<\/div>\n\t\t\t\t\t<\/div>\n\t\t<\/div>\n\t\t\t\t\t<\/div>\n\t\t<\/section>\n\t\t\t\t<section class=\"elementor-section elementor-top-section elementor-element elementor-element-f0dc73d elementor-section-boxed elementor-section-height-default elementor-section-height-default\" data-id=\"f0dc73d\" data-element_type=\"section\" data-e-type=\"section\">\n\t\t\t\t\t\t<div class=\"elementor-container elementor-column-gap-default\">\n\t\t\t\t\t<div class=\"elementor-column elementor-col-100 elementor-top-column elementor-element elementor-element-77b47ec\" data-id=\"77b47ec\" data-element_type=\"column\" data-e-type=\"column\">\n\t\t\t<div class=\"elementor-widget-wrap elementor-element-populated\">\n\t\t\t\t\t\t<div class=\"elementor-element elementor-element-793663b elementor-widget elementor-widget-text-editor\" data-id=\"793663b\" data-element_type=\"widget\" data-e-type=\"widget\" data-widget_type=\"text-editor.default\">\n\t\t\t\t<div class=\"elementor-widget-container\">\n\t\t\t\t\t\t\t\t\t<p><span style=\"font-weight: 400;\">Unter all den Surfcamp-Optionen, die Sie im S\u00fcdwesten finden k\u00f6nnen, sticht The Family Van mit seinem einzigartigen Konzept von mobilen Surf-Retreats in einem elektrisch ausgestatteten Campervan hervor. Erfahren Sie, warum <a href=\"https:\/\/www.thefamilyvan.de\/de\">The Family Van<\/a> die ideale Wahl f\u00fcr Ihr n\u00e4chstes Surf-Abenteuer ist.<\/span><\/p><ol><li style=\"font-weight: 400;\" aria-level=\"1\"><b>Ein einzigartiges Erlebnis in totaler Immersion<\/b><span style=\"font-weight: 400;\"> : The Family Van bietet ein au\u00dfergew\u00f6hnliches Surfcamp-Erlebnis: Dieses mobile Konzept erm\u00f6glicht es Ihnen, die sch\u00f6nsten Surfspots der Region zu entdecken und dabei die Umwelt zu respektieren. Die Vans sind so ausgestattet, dass sie Ihnen einen angenehmen Aufenthalt bieten, mit optimalem Komfort ohne Kompromisse bei der Nachhaltigkeit. Das Reisen im Van erm\u00f6glicht es Ihnen auch, vollst\u00e4ndig in die Natur und die lokale Kultur einzutauchen. Jede Etappe Ihrer Reise bietet die M\u00f6glichkeit, neue Surfspots und Landschaften zu entdecken.<\/span><\/li><li style=\"font-weight: 400;\" aria-level=\"1\"><b>Freiheit und Flexibilit\u00e4t<\/b><span style=\"font-weight: 400;\"> : Mit The Family Van genie\u00dfen Sie totale Flexibilit\u00e4t. Die ausgestatteten Vans bieten Ihnen die M\u00f6glichkeit, w\u00e4hrend Ihres Surfcamps mobil zu bleiben und die Region in vollen Z\u00fcgen zu genie\u00dfen, ohne w\u00e4hrend Ihres gesamten Aufenthalts an einem Ort festzusitzen.<\/span><\/li><li style=\"font-weight: 400;\" aria-level=\"1\"><b>Betreuung durch Leidenschaftliche :<\/b><span style=\"font-weight: 400;\"> Kevin und No\u00e9mie, die Gr\u00fcnder von The Family Van, sind vor Ort, um den Aufenthalt zu betreuen und Ihnen die Region auf ihre Weise n\u00e4herzubringen, w\u00e4hrend sie Ihnen ihre Lieblingsadressen zeigen! Parallel dazu werden die Partner-Surfschulen, die f\u00fcr die Kurse ausgew\u00e4hlt wurden, anwesend sein, um Ihnen personalisierte Ratschl\u00e4ge zu geben, die auf Ihr Niveau abgestimmt sind, und Ihnen so zu helfen, schnell und sicher Fortschritte zu machen.<\/span><\/li><li style=\"font-weight: 400;\" aria-level=\"1\"><b>Ein au\u00dfergew\u00f6hnliches menschliches Erlebnis!! :<\/b><span style=\"font-weight: 400;\"> The Family Van garantiert unvergessliche Momente mit anderen Reisenden, dank eines au\u00dfergew\u00f6hnlichen Aufenthaltsformats, bei dem das Camp-Leben und das Teilen im Mittelpunkt des Erlebnisses stehen.<\/span><\/li><li style=\"font-weight: 400;\" aria-level=\"1\"><b style=\"color: var(--font-color); font-family: var(--primary-font);\">Abfahrt 1 Minute zu Fu\u00df vom TGV-Bahnhof Dax<\/b><span style=\"font-weight: 400;\"> : Um mit The Family Van in ein Surfcamp im S\u00fcdwesten zu fahren, ist es ganz einfach: Treffen Sie sich 1 Minute zu Fu\u00df vom TGV-Bahnhof Dax. Sie haben auch die M\u00f6glichkeit, Ihr Fahrzeug auf dem gesicherten Parkplatz des Unternehmens zu lassen, wenn Sie mit dem Zug anreisen.<\/span><\/li><\/ol>\t\t\t\t\t\t\t\t<\/div>\n\t\t\t\t<\/div>\n\t\t\t\t\t<\/div>\n\t\t<\/div>\n\t\t\t\t\t<\/div>\n\t\t<\/section>\n\t\t\t\t<section class=\"elementor-section elementor-top-section elementor-element elementor-element-f4cd56b elementor-section-boxed elementor-section-height-default elementor-section-height-default\" data-id=\"f4cd56b\" data-element_type=\"section\" data-e-type=\"section\">\n\t\t\t\t\t\t<div class=\"elementor-container elementor-column-gap-default\">\n\t\t\t\t\t<div class=\"elementor-column elementor-col-100 elementor-top-column elementor-element elementor-element-3fef431\" data-id=\"3fef431\" data-element_type=\"column\" data-e-type=\"column\">\n\t\t\t<div class=\"elementor-widget-wrap\">\n\t\t\t\t\t\t\t<\/div>\n\t\t<\/div>\n\t\t\t\t\t<\/div>\n\t\t<\/section>\n\t\t\t\t<section class=\"elementor-section elementor-top-section elementor-element elementor-element-fb496b8 elementor-section-boxed elementor-section-height-default elementor-section-height-default\" data-id=\"fb496b8\" data-element_type=\"section\" data-e-type=\"section\">\n\t\t\t\t\t\t<div class=\"elementor-container elementor-column-gap-default\">\n\t\t\t\t\t<div class=\"elementor-column elementor-col-100 elementor-top-column elementor-element elementor-element-21928fa\" data-id=\"21928fa\" data-element_type=\"column\" data-e-type=\"column\">\n\t\t\t<div class=\"elementor-widget-wrap elementor-element-populated\">\n\t\t\t\t\t\t<div class=\"elementor-element elementor-element-1ee1ca2 elementor-widget elementor-widget-text-editor\" data-id=\"1ee1ca2\" data-element_type=\"widget\" data-e-type=\"widget\" data-widget_type=\"text-editor.default\">\n\t\t\t\t<div class=\"elementor-widget-container\">\n\t\t\t\t\t\t\t\t\t<p><b>Buchen Sie jetzt Ihren Platz!<\/b><\/p><p><span style=\"font-weight: 400;\">Schlie\u00dfen Sie sich uns f\u00fcr ein unvergessliches Surfcamp im S\u00fcdwesten mit The Family Van an. Buchen Sie jetzt Ihren Platz und bereiten Sie sich auf ein au\u00dfergew\u00f6hnliches menschliches und sportliches Abenteuer vor.<\/span><\/p><p><b>Kontaktieren Sie uns:\u00a0<\/b><\/p><p><span style=\"font-weight: 400;\">Website:<\/span><a href=\"http:\/\/www.thefamilyvan.fr\/\"> <span style=\"font-weight: 400;\">www.thefamilyvan.fr<\/span><\/a><span style=\"font-weight: 400;\">\u00a0<\/span><\/p><p><span style=\"font-weight: 400;\">E-Mail: <\/span><span style=\"font-weight: 400;\">contact@thefamilyvan.fr<\/span><span style=\"font-weight: 400;\">\u00a0<\/span><\/p><p><span style=\"font-weight: 400;\">Telefon: +33 1 23 45 67 89\u00a0<\/span><\/p><p><span style=\"font-weight: 400;\">Instagram: @thefamilyvanfr<\/span><\/p><p><span style=\"font-weight: 400;\">Mit der Wahl von The Family Van f\u00fcr Ihr Surfcamp im S\u00fcdwesten entscheiden Sie sich f\u00fcr eine ideale Einf\u00fchrung in das Surfen, betreut von Profis und mit einem mobilen Format f\u00fcr eine umfassende und umweltfreundliche Reise.<\/span><\/p><p><span style=\"font-weight: 400;\">Wenn Sie sich f\u00fcr The Family Van entscheiden, um in ein Surfcamp im S\u00fcdwesten zu fahren, entscheiden Sie sich f\u00fcr eine ideale Einf\u00fchrung in das Surfen, betreut von Profis und mit einem mobilen Format f\u00fcr eine umfassende und umweltfreundliche Reise.<\/span><\/p>\t\t\t\t\t\t\t\t<\/div>\n\t\t\t\t<\/div>\n\t\t\t\t<div class=\"elementor-element elementor-element-38bc045 elementor-widget elementor-widget-image\" data-id=\"38bc045\" data-element_type=\"widget\" data-e-type=\"widget\" data-widget_type=\"image.default\">\n\t\t\t\t<div class=\"elementor-widget-container\">\n\t\t\t\t\t\t\t\t\t\t\t\t\t\t\t<img decoding=\"async\" width=\"750\" height=\"1000\" src=\"https:\/\/www.thefamilyvan.fr\/blog\/wp-content\/uploads\/2025\/04\/IMG_0801-768x1024.jpeg\" class=\"attachment-large size-large wp-image-2746\" alt=\"Warum ein Surfcamp im S\u00fcdwesten Frankreichs w\u00e4hlen?\" srcset=\"https:\/\/www.thefamilyvan.fr\/blog\/wp-content\/uploads\/2025\/04\/IMG_0801-768x1024.jpeg 768w, https:\/\/www.thefamilyvan.fr\/blog\/wp-content\/uploads\/2025\/04\/IMG_0801-225x300.jpeg 225w, https:\/\/www.thefamilyvan.fr\/blog\/wp-content\/uploads\/2025\/04\/IMG_0801-1152x1536.jpeg 1152w, https:\/\/www.thefamilyvan.fr\/blog\/wp-content\/uploads\/2025\/04\/IMG_0801-1536x2048.jpeg 1536w, https:\/\/www.thefamilyvan.fr\/blog\/wp-content\/uploads\/2025\/04\/IMG_0801.jpeg 1800w\" sizes=\"(max-width: 750px) 100vw, 750px\" \/>\t\t\t\t\t\t\t\t\t\t\t\t\t\t\t<\/div>\n\t\t\t\t<\/div>\n\t\t\t\t\t<\/div>\n\t\t<\/div>\n\t\t\t\t\t<\/div>\n\t\t<\/section>\n\t\t\t\t<\/div>\n\t\t","protected":false},"excerpt":{"rendered":"<p>Haben Sie sich zum Ziel gesetzt, 2025 mit dem Surfen zu beginnen oder Ihre F\u00e4higkeiten zu verbessern? Ein Surfcamp im S\u00fcdwesten Frankreichs scheint die ideale &hellip; <\/p>\n","protected":false},"author":2,"featured_media":2634,"comment_status":"open","ping_status":"open","sticky":false,"template":"","format":"standard","meta":{"_monsterinsights_skip_tracking":false,"_monsterinsights_sitenote_active":false,"_monsterinsights_sitenote_note":"","_monsterinsights_sitenote_category":0,"footnotes":""},"categories":[98],"tags":[],"class_list":["post-2620","post","type-post","status-publish","format-standard","has-post-thumbnail","hentry","category-non-classe-de","has-meta"],"aioseo_notices":[],"_links":{"self":[{"href":"https:\/\/www.thefamilyvan.fr\/blog\/wp-json\/wp\/v2\/posts\/2620","targetHints":{"allow":["GET"]}}],"collection":[{"href":"https:\/\/www.thefamilyvan.fr\/blog\/wp-json\/wp\/v2\/posts"}],"about":[{"href":"https:\/\/www.thefamilyvan.fr\/blog\/wp-json\/wp\/v2\/types\/post"}],"author":[{"embeddable":true,"href":"https:\/\/www.thefamilyvan.fr\/blog\/wp-json\/wp\/v2\/users\/2"}],"replies":[{"embeddable":true,"href":"https:\/\/www.thefamilyvan.fr\/blog\/wp-json\/wp\/v2\/comments?post=2620"}],"version-history":[{"count":19,"href":"https:\/\/www.thefamilyvan.fr\/blog\/wp-json\/wp\/v2\/posts\/2620\/revisions"}],"predecessor-version":[{"id":2749,"href":"https:\/\/www.thefamilyvan.fr\/blog\/wp-json\/wp\/v2\/posts\/2620\/revisions\/2749"}],"wp:featuredmedia":[{"embeddable":true,"href":"https:\/\/www.thefamilyvan.fr\/blog\/wp-json\/wp\/v2\/media\/2634"}],"wp:attachment":[{"href":"https:\/\/www.thefamilyvan.fr\/blog\/wp-json\/wp\/v2\/media?parent=2620"}],"wp:term":[{"taxonomy":"category","embeddable":true,"href":"https:\/\/www.thefamilyvan.fr\/blog\/wp-json\/wp\/v2\/categories?post=2620"},{"taxonomy":"post_tag","embeddable":true,"href":"https:\/\/www.thefamilyvan.fr\/blog\/wp-json\/wp\/v2\/tags?post=2620"}],"curies":[{"name":"wp","href":"https:\/\/api.w.org\/{rel}","templated":true}]}}