{"id":2646,"date":"2025-03-13T14:24:30","date_gmt":"2025-03-13T13:24:30","guid":{"rendered":"https:\/\/www.thefamilyvan.fr\/blog\/?p=2646"},"modified":"2025-06-02T17:40:25","modified_gmt":"2025-06-02T15:40:25","slug":"temoignages-pourquoi-choisir-the-family-van-comme-retraite-de-surf-dans-le-sud-ouest-de-la-france","status":"publish","type":"post","link":"https:\/\/www.thefamilyvan.fr\/blog\/temoignages-pourquoi-choisir-the-family-van-comme-retraite-de-surf-dans-le-sud-ouest-de-la-france\/","title":{"rendered":"T\u00e9moignages : choisir The Family Van comme retraite de surf dans le sud-ouest de la France ?"},"content":{"rendered":"\t\t<div data-elementor-type=\"wp-post\" data-elementor-id=\"2646\" class=\"elementor elementor-2646\">\n\t\t\t\t\t\t<section class=\"elementor-section elementor-top-section elementor-element elementor-element-b4a6f75 elementor-section-boxed elementor-section-height-default elementor-section-height-default\" data-id=\"b4a6f75\" data-element_type=\"section\" data-e-type=\"section\">\n\t\t\t\t\t\t<div class=\"elementor-container elementor-column-gap-default\">\n\t\t\t\t\t<div class=\"elementor-column elementor-col-100 elementor-top-column elementor-element elementor-element-e2286d9\" data-id=\"e2286d9\" data-element_type=\"column\" data-e-type=\"column\">\n\t\t\t<div class=\"elementor-widget-wrap elementor-element-populated\">\n\t\t\t\t\t\t<div class=\"elementor-element elementor-element-02f4ec2 elementor-widget elementor-widget-text-editor\" data-id=\"02f4ec2\" data-element_type=\"widget\" data-e-type=\"widget\" data-widget_type=\"text-editor.default\">\n\t\t\t\t<div class=\"elementor-widget-container\">\n\t\t\t\t\t\t\t\t\t<p><span style=\"font-weight: 400;\">Vous cherchez \u00e0 apprendre le surf dans le sud-ouest de la France et vous demandez quelle <a href=\"https:\/\/www.thefamilyvan.fr\/the-family-surf\">retraite de surf<\/a> choisir ? The Family Van se distingue par son concept unique de retraites de surf itin\u00e9rantes en van am\u00e9nag\u00e9 \u00e9lectrique. D\u00e9couvrez les avis de nos clients et pourquoi ils recommandent The Family Van pour une retraite de surf d\u00e9butant dans le sud-ouest.<\/span><\/p>\t\t\t\t\t\t\t\t<\/div>\n\t\t\t\t<\/div>\n\t\t\t\t\t<\/div>\n\t\t<\/div>\n\t\t\t\t\t<\/div>\n\t\t<\/section>\n\t\t\t\t<section class=\"elementor-section elementor-top-section elementor-element elementor-element-aeffbe1 elementor-section-boxed elementor-section-height-default elementor-section-height-default\" data-id=\"aeffbe1\" data-element_type=\"section\" data-e-type=\"section\">\n\t\t\t\t\t\t<div class=\"elementor-container elementor-column-gap-default\">\n\t\t\t\t\t<div class=\"elementor-column elementor-col-100 elementor-top-column elementor-element elementor-element-336abae\" data-id=\"336abae\" data-element_type=\"column\" data-e-type=\"column\">\n\t\t\t<div class=\"elementor-widget-wrap elementor-element-populated\">\n\t\t\t\t\t\t<div class=\"elementor-element elementor-element-d6086e5 elementor-widget elementor-widget-heading\" data-id=\"d6086e5\" data-element_type=\"widget\" data-e-type=\"widget\" data-widget_type=\"heading.default\">\n\t\t\t\t<div class=\"elementor-widget-container\">\n\t\t\t\t\t<h2 class=\"elementor-heading-title elementor-size-default\">Pourquoi choisir The Family Van  ?<\/h2>\t\t\t\t<\/div>\n\t\t\t\t<\/div>\n\t\t\t\t\t<\/div>\n\t\t<\/div>\n\t\t\t\t\t<\/div>\n\t\t<\/section>\n\t\t\t\t<section class=\"elementor-section elementor-top-section elementor-element elementor-element-da70b4e elementor-section-boxed elementor-section-height-default elementor-section-height-default\" data-id=\"da70b4e\" data-element_type=\"section\" data-e-type=\"section\">\n\t\t\t\t\t\t<div class=\"elementor-container elementor-column-gap-default\">\n\t\t\t\t\t<div class=\"elementor-column elementor-col-100 elementor-top-column elementor-element elementor-element-d79a80e\" data-id=\"d79a80e\" data-element_type=\"column\" data-e-type=\"column\">\n\t\t\t<div class=\"elementor-widget-wrap elementor-element-populated\">\n\t\t\t\t\t\t<div class=\"elementor-element elementor-element-686391e elementor-widget elementor-widget-text-editor\" data-id=\"686391e\" data-element_type=\"widget\" data-e-type=\"widget\" data-widget_type=\"text-editor.default\">\n\t\t\t\t<div class=\"elementor-widget-container\">\n\t\t\t\t\t\t\t\t\t<p><span style=\"font-weight: 400;\">The Family Van propose une exp\u00e9rience unique de retraite de surf : \u00e0 bord de vans am\u00e9nag\u00e9s 100% \u00e9lectriques, d\u00e9couvrez les plus beaux spots de surf de la r\u00e9gion tout en voyageant de mani\u00e8re plus responsable gr\u00e2ce \u00e0 l\u2019\u00e9lectrique. Les fondateurs, K\u00e9vin et No\u00e9mie, vous accompagnent tout au long de votre s\u00e9jour, vous faisant d\u00e9couvrir les tr\u00e9sors cach\u00e9s du Sud-Ouest.<\/span><\/p>\n<p><span style=\"font-weight: 400;\">D\u00e9couvrez des avis des pr\u00e9c\u00e9dents voyageurs qui ont pu tester notre retraite de surf itin\u00e9rante :\u00a0<\/span><\/p>\n<ul>\n<li style=\"font-weight: 400;\" aria-level=\"1\"><span style=\"font-weight: 400;\"><strong>Fanny P.<\/strong> : \u00ab\u00a0Un s\u00e9jour inoubliable. Le van \u00e9tait tr\u00e8s bien agenc\u00e9, l\u2019\u00e9quipe d\u2019une grande gentillesse et g\u00e9n\u00e9rosit\u00e9. Les journ\u00e9es \u00e0 d\u00e9couvrir les Landes et \u00e0 surfer \u00e9taient parfaites et tr\u00e8s bien organis\u00e9es !\u00a0\u00bb<\/span><\/li>\n<li style=\"font-weight: 400;\" aria-level=\"1\"><span style=\"font-weight: 400;\"><strong>Ad\u00e9lie F.<\/strong> : \u00ab\u00a0Une semaine parfaite avec des cours de surf tous les matins, la d\u00e9couverte de cette sublime r\u00e9gion, et des sessions de freesurf au coucher du soleil. Id\u00e9al pour rencontrer de nouvelles personnes et vivre la van life \u00e0 fond.\u00a0\u00bb<\/span><\/li>\n<li style=\"font-weight: 400;\" aria-level=\"1\"><span style=\"font-weight: 400;\"><strong>Nesrine K.<\/strong> : \u00ab\u00a0Une exp\u00e9rience inoubliable, un vrai road trip parmi les paysages sublimes du Sud-Ouest. Les vans \u00e9taient tr\u00e8s confortables et agr\u00e9ables. Une initiation au surf parfaite pour les d\u00e9butants.\u00a0\u00bb<\/span><\/li>\n<li style=\"font-weight: 400;\" aria-level=\"1\"><span style=\"font-weight: 400;\"><strong>Gr\u00e9goire L.<\/strong> : \u00ab\u00a0Nous avons pass\u00e9 une semaine magnifique entre amis. Des paysages \u00e0 couper le souffle, des sessions de surf endiabl\u00e9es, et surtout des rires et de la bonne humeur.\u00a0\u00bb<\/span><\/li>\n<li style=\"font-weight: 400;\" aria-level=\"1\"><span style=\"font-weight: 400;\"><strong>Pierre<\/strong> : \u00ab\u00a0The Family Van propose un parcours tr\u00e8s bien pens\u00e9 pour de parfaites vacances sportives et touristiques ! Le van est tr\u00e8s bien am\u00e9nag\u00e9 et facile \u00e0 conduire gr\u00e2ce \u00e0 l&rsquo;\u00e9lectrique.\u00a0\u00bb<\/span><\/li>\n<\/ul>\t\t\t\t\t\t\t\t<\/div>\n\t\t\t\t<\/div>\n\t\t\t\t\t<\/div>\n\t\t<\/div>\n\t\t\t\t\t<\/div>\n\t\t<\/section>\n\t\t\t\t<section class=\"elementor-section elementor-top-section elementor-element elementor-element-71bcfe9 elementor-section-boxed elementor-section-height-default elementor-section-height-default\" data-id=\"71bcfe9\" data-element_type=\"section\" data-e-type=\"section\">\n\t\t\t\t\t\t<div class=\"elementor-container elementor-column-gap-default\">\n\t\t\t\t\t<div class=\"elementor-column elementor-col-100 elementor-top-column elementor-element elementor-element-b83841c\" data-id=\"b83841c\" data-element_type=\"column\" data-e-type=\"column\">\n\t\t\t<div class=\"elementor-widget-wrap elementor-element-populated\">\n\t\t\t\t\t\t<div class=\"elementor-element elementor-element-9127c25 elementor-widget elementor-widget-image\" data-id=\"9127c25\" data-element_type=\"widget\" data-e-type=\"widget\" data-widget_type=\"image.default\">\n\t\t\t\t<div class=\"elementor-widget-container\">\n\t\t\t\t\t\t\t\t\t\t\t\t\t\t\t<img fetchpriority=\"high\" decoding=\"async\" width=\"750\" height=\"1000\" src=\"https:\/\/www.thefamilyvan.fr\/blog\/wp-content\/uploads\/2025\/03\/026375A7-3EF7-4F8F-B603-75DDD16771B2-1-1-768x1024.jpeg\" class=\"attachment-large size-large wp-image-2665\" alt=\"T\u00e9moignages : pourquoi choisir The Family Van comme retraite de surf dans le sud-ouest de la France ?\" srcset=\"https:\/\/www.thefamilyvan.fr\/blog\/wp-content\/uploads\/2025\/03\/026375A7-3EF7-4F8F-B603-75DDD16771B2-1-1-768x1024.jpeg 768w, https:\/\/www.thefamilyvan.fr\/blog\/wp-content\/uploads\/2025\/03\/026375A7-3EF7-4F8F-B603-75DDD16771B2-1-1-225x300.jpeg 225w, https:\/\/www.thefamilyvan.fr\/blog\/wp-content\/uploads\/2025\/03\/026375A7-3EF7-4F8F-B603-75DDD16771B2-1-1-1152x1536.jpeg 1152w, https:\/\/www.thefamilyvan.fr\/blog\/wp-content\/uploads\/2025\/03\/026375A7-3EF7-4F8F-B603-75DDD16771B2-1-1-1536x2048.jpeg 1536w, https:\/\/www.thefamilyvan.fr\/blog\/wp-content\/uploads\/2025\/03\/026375A7-3EF7-4F8F-B603-75DDD16771B2-1-1.jpeg 1800w\" sizes=\"(max-width: 750px) 100vw, 750px\" \/>\t\t\t\t\t\t\t\t\t\t\t\t\t\t\t<\/div>\n\t\t\t\t<\/div>\n\t\t\t\t\t<\/div>\n\t\t<\/div>\n\t\t\t\t\t<\/div>\n\t\t<\/section>\n\t\t\t\t<section class=\"elementor-section elementor-top-section elementor-element elementor-element-e8d0938 elementor-section-boxed elementor-section-height-default elementor-section-height-default\" data-id=\"e8d0938\" data-element_type=\"section\" data-e-type=\"section\">\n\t\t\t\t\t\t<div class=\"elementor-container elementor-column-gap-default\">\n\t\t\t\t\t<div class=\"elementor-column elementor-col-100 elementor-top-column elementor-element elementor-element-0da0361\" data-id=\"0da0361\" data-element_type=\"column\" data-e-type=\"column\">\n\t\t\t<div class=\"elementor-widget-wrap elementor-element-populated\">\n\t\t\t\t\t\t<div class=\"elementor-element elementor-element-696e794 elementor-widget elementor-widget-heading\" data-id=\"696e794\" data-element_type=\"widget\" data-e-type=\"widget\" data-widget_type=\"heading.default\">\n\t\t\t\t<div class=\"elementor-widget-container\">\n\t\t\t\t\t<h2 class=\"elementor-heading-title elementor-size-default\">The Family Van : le meilleur choix pour votre retraite de surf dans le sud-ouest<\/h2>\t\t\t\t<\/div>\n\t\t\t\t<\/div>\n\t\t\t\t\t<\/div>\n\t\t<\/div>\n\t\t\t\t\t<\/div>\n\t\t<\/section>\n\t\t\t\t<section class=\"elementor-section elementor-top-section elementor-element elementor-element-435f9df elementor-section-boxed elementor-section-height-default elementor-section-height-default\" data-id=\"435f9df\" data-element_type=\"section\" data-e-type=\"section\">\n\t\t\t\t\t\t<div class=\"elementor-container elementor-column-gap-default\">\n\t\t\t\t\t<div class=\"elementor-column elementor-col-100 elementor-top-column elementor-element elementor-element-f8c04ad\" data-id=\"f8c04ad\" data-element_type=\"column\" data-e-type=\"column\">\n\t\t\t<div class=\"elementor-widget-wrap elementor-element-populated\">\n\t\t\t\t\t\t<div class=\"elementor-element elementor-element-526e47a elementor-widget elementor-widget-text-editor\" data-id=\"526e47a\" data-element_type=\"widget\" data-e-type=\"widget\" data-widget_type=\"text-editor.default\">\n\t\t\t\t<div class=\"elementor-widget-container\">\n\t\t\t\t\t\t\t\t\t<ul>\n<li style=\"font-weight: 400;\" aria-level=\"1\"><b>Un encadrement pendant tout le s\u00e9jour\u00a0 :<\/b><span style=\"font-weight: 400;\"> K\u00e9vin et No\u00e9mie, les fondateurs de The Family Van, sont des guides locaux passionn\u00e9s qui vous accompagnent tout au long de votre retraite de surf. Ils vous feront profiter de tous leurs bons plans et p\u00e9pites de la r\u00e9gion.<\/span><\/li>\n<li style=\"font-weight: 400;\" aria-level=\"1\"><b>Flexibilit\u00e9 et mobilit\u00e9\u00a0 :<\/b><span style=\"font-weight: 400;\"> gr\u00e2ce \u00e0 nos vans am\u00e9nag\u00e9s, vous avez la libert\u00e9 de vous d\u00e9placer d&rsquo;un spot \u00e0 l&rsquo;autre, en dehors des cours de surf et des activit\u00e9s propos\u00e9es. Cela permet un \u00e9quilibre parfait entre vie en communaut\u00e9 et moments privil\u00e9gi\u00e9s pour se ressourcer.\u00a0<\/span><\/li>\n<li style=\"font-weight: 400;\" aria-level=\"1\"><b>Confort et durabilit\u00e9 :<\/b><span style=\"font-weight: 400;\"> Nos vans sont \u00e9quip\u00e9s de tout le n\u00e9cessaire pour un s\u00e9jour agr\u00e9able. En choisissant The Family Van, vous optez pour une retraite de surf responsable, sans compromis sur le confort.<\/span><\/li>\n<li style=\"font-weight: 400;\" aria-level=\"1\"><b style=\"color: var(--font-color); font-family: var(--primary-font);\">Communaut\u00e9 et convivialit\u00e9 :<\/b><span style=\"font-weight: 400;\"> The Family Van, c&rsquo;est une communaut\u00e9 de passionn\u00e9s ! Partagez des moments inoubliables avec d&rsquo;autres d\u00e9butants pendant cette retraite de surf inoubliable.<\/span><\/li>\n<\/ul>\n<p><em><b>R\u00e9servez votre place d\u00e8s maintenant\u00a0<\/b><\/em><\/p>\n<p><span style=\"font-weight: 400;\">Ne manquez pas cette opportunit\u00e9 unique de vivre une <\/span><b>retraite de surf inoubliable<\/b><span style=\"font-weight: 400;\"> avec The Family Van. R\u00e9servez d\u00e8s maintenant votre place et pr\u00e9parez-vous \u00e0 vivre une aventure humaine et sportive exceptionnelle.<\/span><\/p>\n<p><b>Contactez-nous :<\/b><\/p>\n<ul>\n<li style=\"font-weight: 400;\" aria-level=\"1\"><b>Site web :<\/b> <a href=\"https:\/\/www.thefamilyvan.fr\/\">www.thefamilyvan.fr<\/a><\/li>\n<li style=\"font-weight: 400;\" aria-level=\"1\"><b>Email :<\/b><span style=\"font-weight: 400;\"> contact@thefamilyvan.fr<\/span><\/li>\n<li style=\"font-weight: 400;\" aria-level=\"1\"><b>T\u00e9l\u00e9phone :<\/b><span style=\"font-weight: 400;\"> +33 7 83 62 48 89<\/span><\/li>\n<\/ul>\n<p><span style=\"font-weight: 400;\">Rejoignez-nous pour une exp\u00e9rience de surf itin\u00e9rante unique, respectueuse de l&rsquo;environnement et riche en \u00e9motions. The Family Van vous attend pour une aventure inoubliable dans le Sud-Ouest de la France !<\/span><\/p>\n<p><span style=\"font-weight: 400;\">En choisissant The Family Van pour votre <\/span><b>retraite de surf d\u00e9butante dans le Sud-Ouest<\/b><span style=\"font-weight: 400;\">, vous optez pour une initiation au surf dans des conditions id\u00e9ales, encadr\u00e9e par des professionnels et en harmonie avec la nature. Pr\u00e9parez-vous \u00e0 vivre des moments inoubliables et \u00e0 d\u00e9couvrir la passion du surf dans le magnifique cadre du Sud-Ouest de la France.<\/span><\/p>\n<p>Pour continuer de r\u00eaver, d\u00e9couvrez \u00e9galement <a href=\"https:\/\/www.landesatlantiquesud.com\/activites\/surf\/spots-de-surf\/\">cet article<\/a> sur les plus beaux spots de surf du sud-ouest.\u00a0<\/p>\t\t\t\t\t\t\t\t<\/div>\n\t\t\t\t<\/div>\n\t\t\t\t\t<\/div>\n\t\t<\/div>\n\t\t\t\t\t<\/div>\n\t\t<\/section>\n\t\t\t\t<\/div>\n\t\t","protected":false},"excerpt":{"rendered":"<p>Vous cherchez \u00e0 apprendre le surf dans le sud-ouest de la France et vous demandez quelle retraite de surf choisir ? The Family Van se &hellip; <\/p>\n","protected":false},"author":2,"featured_media":2654,"comment_status":"open","ping_status":"open","sticky":false,"template":"","format":"standard","meta":{"_monsterinsights_skip_tracking":false,"_monsterinsights_sitenote_active":false,"_monsterinsights_sitenote_note":"","_monsterinsights_sitenote_category":0,"footnotes":""},"categories":[15,14],"tags":[],"class_list":["post-2646","post","type-post","status-publish","format-standard","has-post-thumbnail","hentry","category-les-sejours-en-groupe-de-the-family-van","category-tout-savoir-sur-le-voyage-en-van","has-meta"],"aioseo_notices":[],"_links":{"self":[{"href":"https:\/\/www.thefamilyvan.fr\/blog\/wp-json\/wp\/v2\/posts\/2646","targetHints":{"allow":["GET"]}}],"collection":[{"href":"https:\/\/www.thefamilyvan.fr\/blog\/wp-json\/wp\/v2\/posts"}],"about":[{"href":"https:\/\/www.thefamilyvan.fr\/blog\/wp-json\/wp\/v2\/types\/post"}],"author":[{"embeddable":true,"href":"https:\/\/www.thefamilyvan.fr\/blog\/wp-json\/wp\/v2\/users\/2"}],"replies":[{"embeddable":true,"href":"https:\/\/www.thefamilyvan.fr\/blog\/wp-json\/wp\/v2\/comments?post=2646"}],"version-history":[{"count":27,"href":"https:\/\/www.thefamilyvan.fr\/blog\/wp-json\/wp\/v2\/posts\/2646\/revisions"}],"predecessor-version":[{"id":2759,"href":"https:\/\/www.thefamilyvan.fr\/blog\/wp-json\/wp\/v2\/posts\/2646\/revisions\/2759"}],"wp:featuredmedia":[{"embeddable":true,"href":"https:\/\/www.thefamilyvan.fr\/blog\/wp-json\/wp\/v2\/media\/2654"}],"wp:attachment":[{"href":"https:\/\/www.thefamilyvan.fr\/blog\/wp-json\/wp\/v2\/media?parent=2646"}],"wp:term":[{"taxonomy":"category","embeddable":true,"href":"https:\/\/www.thefamilyvan.fr\/blog\/wp-json\/wp\/v2\/categories?post=2646"},{"taxonomy":"post_tag","embeddable":true,"href":"https:\/\/www.thefamilyvan.fr\/blog\/wp-json\/wp\/v2\/tags?post=2646"}],"curies":[{"name":"wp","href":"https:\/\/api.w.org\/{rel}","templated":true}]}}