{"id":629,"date":"2022-12-09T14:11:07","date_gmt":"2022-12-09T13:11:07","guid":{"rendered":"https:\/\/www.thefamilyvan.fr\/blog\/?p=629"},"modified":"2023-12-18T16:28:54","modified_gmt":"2023-12-18T15:28:54","slug":"les-applications-pour-voyager-en-van-amenage-electrique","status":"publish","type":"post","link":"https:\/\/www.thefamilyvan.fr\/blog\/les-applications-pour-voyager-en-van-amenage-electrique\/","title":{"rendered":"Les applications pour voyager en van am\u00e9nag\u00e9 \u00e9lectrique"},"content":{"rendered":"\t\t<div data-elementor-type=\"wp-post\" data-elementor-id=\"629\" class=\"elementor elementor-629\">\n\t\t\t\t\t\t<section class=\"elementor-section elementor-top-section elementor-element elementor-element-8cb9ae8 elementor-section-boxed elementor-section-height-default elementor-section-height-default\" data-id=\"8cb9ae8\" data-element_type=\"section\" data-e-type=\"section\">\n\t\t\t\t\t\t<div class=\"elementor-container elementor-column-gap-default\">\n\t\t\t\t\t<div class=\"elementor-column elementor-col-100 elementor-top-column elementor-element elementor-element-f360e9d\" data-id=\"f360e9d\" data-element_type=\"column\" data-e-type=\"column\">\n\t\t\t<div class=\"elementor-widget-wrap elementor-element-populated\">\n\t\t\t\t\t\t<div class=\"elementor-element elementor-element-43104b7 elementor-widget elementor-widget-text-editor\" data-id=\"43104b7\" data-element_type=\"widget\" data-e-type=\"widget\" data-widget_type=\"text-editor.default\">\n\t\t\t\t<div class=\"elementor-widget-container\">\n\t\t\t\t\t\t\t\t\t<p>The Family Van, sp\u00e9cialiste du <a href=\"https:\/\/www.thefamilyvan.fr\/voyager-en-van-electrique\">voyage en van am\u00e9nag\u00e9 100% \u00e9lectrique<\/a> a jet\u00e9 son d\u00e9volu sur l&rsquo;application mobile Chargemap.<\/p><p>C&rsquo;est gr\u00e2ce \u00e0 cette p\u00e9pite que nous avons pu cr\u00e9er <em><strong><a href=\"https:\/\/www.thefamilyvan.fr\/the-family-surf\">nos s\u00e9jours itin\u00e9rants en groupe<\/a> <\/strong><\/em><a href=\"https:\/\/www.thefamilyvan.fr\/the-family-surf\">The Family Surf<\/a> et The Family Rando.<\/p><p>C&rsquo;est \u00e9galement gr\u00e2ce \u00e0 Chargemap que nous cr\u00e9ons les itin\u00e9raires pour <strong><em><a href=\"https:\/\/www.thefamilyvan.fr\/voyage-sur-mesure\">nos voyages sur mesure<\/a><\/em><\/strong>.<\/p>\t\t\t\t\t\t\t\t<\/div>\n\t\t\t\t<\/div>\n\t\t\t\t\t<\/div>\n\t\t<\/div>\n\t\t\t\t\t<\/div>\n\t\t<\/section>\n\t\t\t\t<section class=\"elementor-section elementor-top-section elementor-element elementor-element-35a4eec elementor-section-boxed elementor-section-height-default elementor-section-height-default\" data-id=\"35a4eec\" data-element_type=\"section\" data-e-type=\"section\">\n\t\t\t\t\t\t<div class=\"elementor-container elementor-column-gap-default\">\n\t\t\t\t\t<div class=\"elementor-column elementor-col-100 elementor-top-column elementor-element elementor-element-a1828a5\" data-id=\"a1828a5\" data-element_type=\"column\" data-e-type=\"column\">\n\t\t\t<div class=\"elementor-widget-wrap elementor-element-populated\">\n\t\t\t\t\t\t<div class=\"elementor-element elementor-element-549ccda elementor-widget elementor-widget-heading\" data-id=\"549ccda\" data-element_type=\"widget\" data-e-type=\"widget\" data-widget_type=\"heading.default\">\n\t\t\t\t<div class=\"elementor-widget-container\">\n\t\t\t\t\t<h2 class=\"elementor-heading-title elementor-size-default\">Zoom sur l'application Chargemap<\/h2>\t\t\t\t<\/div>\n\t\t\t\t<\/div>\n\t\t\t\t\t<\/div>\n\t\t<\/div>\n\t\t\t\t\t<\/div>\n\t\t<\/section>\n\t\t\t\t<section class=\"elementor-section elementor-top-section elementor-element elementor-element-208598d elementor-section-boxed elementor-section-height-default elementor-section-height-default\" data-id=\"208598d\" data-element_type=\"section\" data-e-type=\"section\">\n\t\t\t\t\t\t<div class=\"elementor-container elementor-column-gap-default\">\n\t\t\t\t\t<div class=\"elementor-column elementor-col-100 elementor-top-column elementor-element elementor-element-e6bbc7c\" data-id=\"e6bbc7c\" data-element_type=\"column\" data-e-type=\"column\">\n\t\t\t<div class=\"elementor-widget-wrap elementor-element-populated\">\n\t\t\t\t\t\t<div class=\"elementor-element elementor-element-225fde6 elementor-widget elementor-widget-text-editor\" data-id=\"225fde6\" data-element_type=\"widget\" data-e-type=\"widget\" data-widget_type=\"text-editor.default\">\n\t\t\t\t<div class=\"elementor-widget-container\">\n\t\t\t\t\t\t\t\t\t<p><span style=\"font-weight: 400;\">Durant votre s\u00e9jour en van am\u00e9nag\u00e9 \u00e9lectrique, l\u2019application Chargemap sera votre meilleure amie. Elle propose une cartographie de r\u00e9f\u00e9rence pour trouver les bornes de recharge qui se situent sur votre trajet, qu\u2019elles soient publiques ou non. <\/span><\/p>\t\t\t\t\t\t\t\t<\/div>\n\t\t\t\t<\/div>\n\t\t\t\t\t<\/div>\n\t\t<\/div>\n\t\t\t\t\t<\/div>\n\t\t<\/section>\n\t\t\t\t<section class=\"elementor-section elementor-top-section elementor-element elementor-element-8dfd5f3 elementor-section-boxed elementor-section-height-default elementor-section-height-default\" data-id=\"8dfd5f3\" data-element_type=\"section\" data-e-type=\"section\">\n\t\t\t\t\t\t<div class=\"elementor-container elementor-column-gap-default\">\n\t\t\t\t\t<div class=\"elementor-column elementor-col-100 elementor-top-column elementor-element elementor-element-48e447d\" data-id=\"48e447d\" data-element_type=\"column\" data-e-type=\"column\">\n\t\t\t<div class=\"elementor-widget-wrap elementor-element-populated\">\n\t\t\t\t\t\t<div class=\"elementor-element elementor-element-713aefb elementor-widget elementor-widget-text-editor\" data-id=\"713aefb\" data-element_type=\"widget\" data-e-type=\"widget\" data-widget_type=\"text-editor.default\">\n\t\t\t\t<div class=\"elementor-widget-container\">\n\t\t\t\t\t\t\t\t\t<p><span style=\"font-weight: 400;\">En tant qu\u2019application collaborative, vous aurez la possibilit\u00e9 en tant que conducteur de van am\u00e9nag\u00e9 \u00e9lectrique d\u2019uploader des photos, commentaires, et avis sur les bornes que vous rencontrerez sur votre chemin. Chargemap opte \u00e9galement pour un niveau de d\u00e9tail int\u00e9ressant, et propose \u00e0 ses utilisateurs de savoir quels types de bornes sont disponibles : charge rapide, standard\u2026)<\/span><\/p>\t\t\t\t\t\t\t\t<\/div>\n\t\t\t\t<\/div>\n\t\t\t\t\t<\/div>\n\t\t<\/div>\n\t\t\t\t\t<\/div>\n\t\t<\/section>\n\t\t\t\t<section class=\"elementor-section elementor-top-section elementor-element elementor-element-5d83a86 elementor-section-boxed elementor-section-height-default elementor-section-height-default\" data-id=\"5d83a86\" data-element_type=\"section\" data-e-type=\"section\">\n\t\t\t\t\t\t<div class=\"elementor-container elementor-column-gap-default\">\n\t\t\t\t\t<div class=\"elementor-column elementor-col-100 elementor-top-column elementor-element elementor-element-1263971\" data-id=\"1263971\" data-element_type=\"column\" data-e-type=\"column\">\n\t\t\t<div class=\"elementor-widget-wrap elementor-element-populated\">\n\t\t\t\t\t\t<div class=\"elementor-element elementor-element-704ddea elementor-widget elementor-widget-text-editor\" data-id=\"704ddea\" data-element_type=\"widget\" data-e-type=\"widget\" data-widget_type=\"text-editor.default\">\n\t\t\t\t<div class=\"elementor-widget-container\">\n\t\t\t\t\t\t\t\t\t<p>The Family Van propose \u00e0 tous ses voyageurs un pass Chargemap qui vous permettra de recharger votre van am\u00e9nag\u00e9 \u00e9lectrique en d\u00e9posant simplement votre carte sur les bornes compatibles Chargemap.<\/p>\t\t\t\t\t\t\t\t<\/div>\n\t\t\t\t<\/div>\n\t\t\t\t\t<\/div>\n\t\t<\/div>\n\t\t\t\t\t<\/div>\n\t\t<\/section>\n\t\t\t\t<section class=\"elementor-section elementor-top-section elementor-element elementor-element-9462078 elementor-section-boxed elementor-section-height-default elementor-section-height-default\" data-id=\"9462078\" data-element_type=\"section\" data-e-type=\"section\">\n\t\t\t\t\t\t<div class=\"elementor-container elementor-column-gap-default\">\n\t\t\t\t\t<div class=\"elementor-column elementor-col-100 elementor-top-column elementor-element elementor-element-0553a36\" data-id=\"0553a36\" data-element_type=\"column\" data-e-type=\"column\">\n\t\t\t<div class=\"elementor-widget-wrap elementor-element-populated\">\n\t\t\t\t\t\t<div class=\"elementor-element elementor-element-7140d62 elementor-widget elementor-widget-heading\" data-id=\"7140d62\" data-element_type=\"widget\" data-e-type=\"widget\" data-widget_type=\"heading.default\">\n\t\t\t\t<div class=\"elementor-widget-container\">\n\t\t\t\t\t<h2 class=\"elementor-heading-title elementor-size-default\">Les autres applications de borne de recharge<\/h2>\t\t\t\t<\/div>\n\t\t\t\t<\/div>\n\t\t\t\t\t<\/div>\n\t\t<\/div>\n\t\t\t\t\t<\/div>\n\t\t<\/section>\n\t\t\t\t<section class=\"elementor-section elementor-top-section elementor-element elementor-element-4126b41 elementor-section-boxed elementor-section-height-default elementor-section-height-default\" data-id=\"4126b41\" data-element_type=\"section\" data-e-type=\"section\">\n\t\t\t\t\t\t<div class=\"elementor-container elementor-column-gap-default\">\n\t\t\t\t\t<div class=\"elementor-column elementor-col-100 elementor-top-column elementor-element elementor-element-fbb4f0d\" data-id=\"fbb4f0d\" data-element_type=\"column\" data-e-type=\"column\">\n\t\t\t<div class=\"elementor-widget-wrap elementor-element-populated\">\n\t\t\t\t\t\t<div class=\"elementor-element elementor-element-eefd822 elementor-widget elementor-widget-text-editor\" data-id=\"eefd822\" data-element_type=\"widget\" data-e-type=\"widget\" data-widget_type=\"text-editor.default\">\n\t\t\t\t<div class=\"elementor-widget-container\">\n\t\t\t\t\t\t\t\t\t<p><span style=\"font-weight: 400;\">Si Chargemap reste notre application de r\u00e9f\u00e9rence, et celle que l\u2019\u00e9quipe The Family Van a utilis\u00e9 lors de la construction de ses voyages, il existe pour autant plusieurs autres alternatives disponibles, telles que Plugshare (carte plus compl\u00e8te qui s\u2019\u00e9tale au monde entier), Chargeprice (qui recense les bornes proposant les meilleurs tarifs de recharge) ou encore Nextcharge.<\/span><\/p>\t\t\t\t\t\t\t\t<\/div>\n\t\t\t\t<\/div>\n\t\t\t\t\t<\/div>\n\t\t<\/div>\n\t\t\t\t\t<\/div>\n\t\t<\/section>\n\t\t\t\t<section class=\"elementor-section elementor-top-section elementor-element elementor-element-3964b21 elementor-section-boxed elementor-section-height-default elementor-section-height-default\" data-id=\"3964b21\" data-element_type=\"section\" data-e-type=\"section\">\n\t\t\t\t\t\t<div class=\"elementor-container elementor-column-gap-default\">\n\t\t\t\t\t<div class=\"elementor-column elementor-col-100 elementor-top-column elementor-element elementor-element-dd61d47\" data-id=\"dd61d47\" data-element_type=\"column\" data-e-type=\"column\">\n\t\t\t<div class=\"elementor-widget-wrap elementor-element-populated\">\n\t\t\t\t\t\t<div class=\"elementor-element elementor-element-99255c8 elementor-widget elementor-widget-text-editor\" data-id=\"99255c8\" data-element_type=\"widget\" data-e-type=\"widget\" data-widget_type=\"text-editor.default\">\n\t\t\t\t<div class=\"elementor-widget-container\">\n\t\t\t\t\t\t\t\t\t<p><span style=\"font-weight: 400;\">Individuellement, certaines entreprises priv\u00e9es qui proposent des bornes de recharges disposent de leur propre application : Inuit, Mobiv\u2026<\/span><\/p>\t\t\t\t\t\t\t\t<\/div>\n\t\t\t\t<\/div>\n\t\t\t\t\t<\/div>\n\t\t<\/div>\n\t\t\t\t\t<\/div>\n\t\t<\/section>\n\t\t\t\t<section class=\"elementor-section elementor-top-section elementor-element elementor-element-98ebea5 elementor-section-boxed elementor-section-height-default elementor-section-height-default\" data-id=\"98ebea5\" data-element_type=\"section\" data-e-type=\"section\">\n\t\t\t\t\t\t<div class=\"elementor-container elementor-column-gap-default\">\n\t\t\t\t\t<div class=\"elementor-column elementor-col-100 elementor-top-column elementor-element elementor-element-f5f9d43\" data-id=\"f5f9d43\" data-element_type=\"column\" data-e-type=\"column\">\n\t\t\t<div class=\"elementor-widget-wrap elementor-element-populated\">\n\t\t\t\t\t\t<div class=\"elementor-element elementor-element-3fdedc1 elementor-widget elementor-widget-text-editor\" data-id=\"3fdedc1\" data-element_type=\"widget\" data-e-type=\"widget\" data-widget_type=\"text-editor.default\">\n\t\t\t\t<div class=\"elementor-widget-container\">\n\t\t\t\t\t\t\t\t\t<p><span style=\"font-weight: 400;\">Toutes ces bornes restent n\u00e9anmoins r\u00e9pertori\u00e9es sur <a href=\"https:\/\/fr.chargemap.com\/\">l\u2019application Chargemap<\/a>.<\/span><\/p>\t\t\t\t\t\t\t\t<\/div>\n\t\t\t\t<\/div>\n\t\t\t\t\t<\/div>\n\t\t<\/div>\n\t\t\t\t\t<\/div>\n\t\t<\/section>\n\t\t\t\t<section class=\"elementor-section elementor-top-section elementor-element elementor-element-9217828 elementor-section-boxed elementor-section-height-default elementor-section-height-default\" data-id=\"9217828\" data-element_type=\"section\" data-e-type=\"section\">\n\t\t\t\t\t\t<div class=\"elementor-container elementor-column-gap-default\">\n\t\t\t\t\t<div class=\"elementor-column elementor-col-100 elementor-top-column elementor-element elementor-element-78723ca\" data-id=\"78723ca\" data-element_type=\"column\" data-e-type=\"column\">\n\t\t\t<div class=\"elementor-widget-wrap elementor-element-populated\">\n\t\t\t\t\t\t<div class=\"elementor-element elementor-element-c2a4d2f elementor-widget elementor-widget-text-editor\" data-id=\"c2a4d2f\" data-element_type=\"widget\" data-e-type=\"widget\" data-widget_type=\"text-editor.default\">\n\t\t\t\t<div class=\"elementor-widget-container\">\n\t\t\t\t\t\t\t\t\t<p>D\u00e9couvrez notre article pour <em><strong><a href=\"https:\/\/www.thefamilyvan.fr\/blog\/planifier-son-voyage-en-van-amenage-electrique\/\">bien planifier son voyage en van am\u00e9nag\u00e9 \u00e9lectrique.<\/a><\/strong><\/em><\/p>\t\t\t\t\t\t\t\t<\/div>\n\t\t\t\t<\/div>\n\t\t\t\t\t<\/div>\n\t\t<\/div>\n\t\t\t\t\t<\/div>\n\t\t<\/section>\n\t\t\t\t<\/div>\n\t\t","protected":false},"excerpt":{"rendered":"<p>The Family Van, sp\u00e9cialiste du voyage en van am\u00e9nag\u00e9 100% \u00e9lectrique a jet\u00e9 son d\u00e9volu sur l&rsquo;application mobile Chargemap. C&rsquo;est gr\u00e2ce \u00e0 cette p\u00e9pite que &hellip; <\/p>\n","protected":false},"author":3,"featured_media":637,"comment_status":"open","ping_status":"open","sticky":false,"template":"","format":"standard","meta":{"_monsterinsights_skip_tracking":false,"_monsterinsights_sitenote_active":false,"_monsterinsights_sitenote_note":"","_monsterinsights_sitenote_category":0,"footnotes":""},"categories":[36,14,1],"tags":[],"class_list":["post-629","post","type-post","status-publish","format-standard","has-post-thumbnail","hentry","category-le-guide-du-voyage-en-van-amenage","category-tout-savoir-sur-le-voyage-en-van","category-non-classe","has-meta"],"aioseo_notices":[],"_links":{"self":[{"href":"https:\/\/www.thefamilyvan.fr\/blog\/wp-json\/wp\/v2\/posts\/629","targetHints":{"allow":["GET"]}}],"collection":[{"href":"https:\/\/www.thefamilyvan.fr\/blog\/wp-json\/wp\/v2\/posts"}],"about":[{"href":"https:\/\/www.thefamilyvan.fr\/blog\/wp-json\/wp\/v2\/types\/post"}],"author":[{"embeddable":true,"href":"https:\/\/www.thefamilyvan.fr\/blog\/wp-json\/wp\/v2\/users\/3"}],"replies":[{"embeddable":true,"href":"https:\/\/www.thefamilyvan.fr\/blog\/wp-json\/wp\/v2\/comments?post=629"}],"version-history":[{"count":16,"href":"https:\/\/www.thefamilyvan.fr\/blog\/wp-json\/wp\/v2\/posts\/629\/revisions"}],"predecessor-version":[{"id":1555,"href":"https:\/\/www.thefamilyvan.fr\/blog\/wp-json\/wp\/v2\/posts\/629\/revisions\/1555"}],"wp:featuredmedia":[{"embeddable":true,"href":"https:\/\/www.thefamilyvan.fr\/blog\/wp-json\/wp\/v2\/media\/637"}],"wp:attachment":[{"href":"https:\/\/www.thefamilyvan.fr\/blog\/wp-json\/wp\/v2\/media?parent=629"}],"wp:term":[{"taxonomy":"category","embeddable":true,"href":"https:\/\/www.thefamilyvan.fr\/blog\/wp-json\/wp\/v2\/categories?post=629"},{"taxonomy":"post_tag","embeddable":true,"href":"https:\/\/www.thefamilyvan.fr\/blog\/wp-json\/wp\/v2\/tags?post=629"}],"curies":[{"name":"wp","href":"https:\/\/api.w.org\/{rel}","templated":true}]}}