{"id":704,"date":"2023-01-14T11:29:12","date_gmt":"2023-01-14T10:29:12","guid":{"rendered":"https:\/\/www.thefamilyvan.fr\/blog\/?p=704"},"modified":"2023-12-18T16:48:12","modified_gmt":"2023-12-18T15:48:12","slug":"voyager-en-van-amenage-en-hiver","status":"publish","type":"post","link":"https:\/\/www.thefamilyvan.fr\/blog\/voyager-en-van-amenage-en-hiver\/","title":{"rendered":"Voyager en van am\u00e9nag\u00e9 en hiver"},"content":{"rendered":"\t\t<div data-elementor-type=\"wp-post\" data-elementor-id=\"704\" class=\"elementor elementor-704\">\n\t\t\t\t\t\t<section class=\"elementor-section elementor-top-section elementor-element elementor-element-dce2f86 elementor-section-boxed elementor-section-height-default elementor-section-height-default\" data-id=\"dce2f86\" data-element_type=\"section\" data-e-type=\"section\">\n\t\t\t\t\t\t<div class=\"elementor-container elementor-column-gap-default\">\n\t\t\t\t\t<div class=\"elementor-column elementor-col-100 elementor-top-column elementor-element elementor-element-64fe642\" data-id=\"64fe642\" data-element_type=\"column\" data-e-type=\"column\">\n\t\t\t<div class=\"elementor-widget-wrap elementor-element-populated\">\n\t\t\t\t\t\t<div class=\"elementor-element elementor-element-795236f elementor-widget elementor-widget-text-editor\" data-id=\"795236f\" data-element_type=\"widget\" data-e-type=\"widget\" data-widget_type=\"text-editor.default\">\n\t\t\t\t<div class=\"elementor-widget-container\">\n\t\t\t\t\t\t\t\t\t<p><span style=\"font-weight: 400;\">Vous ne l\u2019avez peut-\u00eatre jamais envisag\u00e9 mais sachez que <a href=\"https:\/\/www.thefamilyvan.fr\/voyager-en-van-electrique\">voyager en van am\u00e9nag\u00e9 \u00e9lectrique<\/a> en hiver, c\u2019est possible !\u00a0<\/span><\/p><p><span style=\"font-weight: 400;\">Paysages idylliques, moins de touristes, prix plus attractifs sur les campings et les spots \u00e0 visiter\u2026 Toutes les conditions r\u00e9unies pour passer un s\u00e9jour inoubliable loin des foules davantage pr\u00e9sentes durant l\u2019\u00e9t\u00e9. Bref, de quoi ravir nos baroudeurs les plus aguerris qui souhaitent se lancer dans l\u2019aventure, \u00e0 condition de suivre quelques conseils.<\/span><\/p><p><span style=\"font-weight: 400;\">Retrouvez nos vans am\u00e9nag\u00e9s 100% \u00e9lectriques \u00e9quip\u00e9s pour voyager en hiver dans nos <a href=\"https:\/\/www.thefamilyvan.fr\/the-family-surf\">surftrip en groupe<\/a>, nos <a href=\"https:\/\/www.thefamilyvan.fr\/voyage-sur-mesure\">voyages sur mesure<\/a> et nos <a href=\"https:\/\/www.thefamilyvan.fr\/locations\">locations en libert\u00e9<\/a>.<\/span><\/p>\t\t\t\t\t\t\t\t<\/div>\n\t\t\t\t<\/div>\n\t\t\t\t\t<\/div>\n\t\t<\/div>\n\t\t\t\t\t<\/div>\n\t\t<\/section>\n\t\t\t\t<section class=\"elementor-section elementor-top-section elementor-element elementor-element-8291012 elementor-section-boxed elementor-section-height-default elementor-section-height-default\" data-id=\"8291012\" data-element_type=\"section\" data-e-type=\"section\">\n\t\t\t\t\t\t<div class=\"elementor-container elementor-column-gap-default\">\n\t\t\t\t\t<div class=\"elementor-column elementor-col-100 elementor-top-column elementor-element elementor-element-815f88d\" data-id=\"815f88d\" data-element_type=\"column\" data-e-type=\"column\">\n\t\t\t<div class=\"elementor-widget-wrap elementor-element-populated\">\n\t\t\t\t\t\t<div class=\"elementor-element elementor-element-f6dd5bf elementor-widget elementor-widget-heading\" data-id=\"f6dd5bf\" data-element_type=\"widget\" data-e-type=\"widget\" data-widget_type=\"heading.default\">\n\t\t\t\t<div class=\"elementor-widget-container\">\n\t\t\t\t\t<h2 class=\"elementor-heading-title elementor-size-default\">Le must pour voyager en van am\u00e9nag\u00e9 en hiver : bien s\u2019\u00e9quiper<\/h2>\t\t\t\t<\/div>\n\t\t\t\t<\/div>\n\t\t\t\t\t<\/div>\n\t\t<\/div>\n\t\t\t\t\t<\/div>\n\t\t<\/section>\n\t\t\t\t<section class=\"elementor-section elementor-top-section elementor-element elementor-element-978187f elementor-section-boxed elementor-section-height-default elementor-section-height-default\" data-id=\"978187f\" data-element_type=\"section\" data-e-type=\"section\">\n\t\t\t\t\t\t<div class=\"elementor-container elementor-column-gap-default\">\n\t\t\t\t\t<div class=\"elementor-column elementor-col-100 elementor-top-column elementor-element elementor-element-ebb571c\" data-id=\"ebb571c\" data-element_type=\"column\" data-e-type=\"column\">\n\t\t\t<div class=\"elementor-widget-wrap elementor-element-populated\">\n\t\t\t\t\t\t<div class=\"elementor-element elementor-element-bb09227 elementor-widget elementor-widget-text-editor\" data-id=\"bb09227\" data-element_type=\"widget\" data-e-type=\"widget\" data-widget_type=\"text-editor.default\">\n\t\t\t\t<div class=\"elementor-widget-container\">\n\t\t\t\t\t\t\t\t\t<p><span style=\"font-weight: 400;\">Cela coule de source : partir \u00e9quip\u00e9 est la garantie d\u2019un s\u00e9jour r\u00e9ussi en hiver lorsque vous d\u00e9cidez de voyager en van am\u00e9nag\u00e9. Voici les indispensables \u00e0 avoir avec vous :\u00a0<\/span><\/p><ul><li style=\"font-weight: 400;\" aria-level=\"1\"><span style=\"font-weight: 400;\">un plaid bien chaud pour profiter des ext\u00e9rieurs lorsque le soleil pointe le bout de son nez et pour b\u00e9n\u00e9ficier d\u2019une couche suppl\u00e9mentaire durant la nuit\u00a0<\/span><\/li><li style=\"font-weight: 400;\" aria-level=\"1\"><span style=\"font-weight: 400;\">une couette \u201ctr\u00e8s chaude\u201d : le niveau de couette le plus chaud qui existe sur le march\u00e9 !\u00a0<\/span><\/li><li style=\"font-weight: 400;\" aria-level=\"1\"><span style=\"font-weight: 400;\">une ou deux bouillottes \u00e0 glisser sous les draps avant de dormir, pour\u00a0 vous r\u00e9chauffer\u00a0<\/span><\/li><li style=\"font-weight: 400;\" aria-level=\"1\"><span style=\"font-weight: 400;\">si vous \u00eates vraiment frileux, un sac de couchage en plus de la couette !<\/span><\/li><\/ul>\t\t\t\t\t\t\t\t<\/div>\n\t\t\t\t<\/div>\n\t\t\t\t\t<\/div>\n\t\t<\/div>\n\t\t\t\t\t<\/div>\n\t\t<\/section>\n\t\t\t\t<section class=\"elementor-section elementor-top-section elementor-element elementor-element-6b8d079 elementor-section-boxed elementor-section-height-default elementor-section-height-default\" data-id=\"6b8d079\" data-element_type=\"section\" data-e-type=\"section\">\n\t\t\t\t\t\t<div class=\"elementor-container elementor-column-gap-default\">\n\t\t\t\t\t<div class=\"elementor-column elementor-col-100 elementor-top-column elementor-element elementor-element-afe44f6\" data-id=\"afe44f6\" data-element_type=\"column\" data-e-type=\"column\">\n\t\t\t<div class=\"elementor-widget-wrap elementor-element-populated\">\n\t\t\t\t\t\t<div class=\"elementor-element elementor-element-379072f elementor-widget elementor-widget-image\" data-id=\"379072f\" data-element_type=\"widget\" data-e-type=\"widget\" data-widget_type=\"image.default\">\n\t\t\t\t<div class=\"elementor-widget-container\">\n\t\t\t\t\t\t\t\t\t\t\t\t\t\t\t<img fetchpriority=\"high\" decoding=\"async\" width=\"750\" height=\"501\" src=\"https:\/\/www.thefamilyvan.fr\/blog\/wp-content\/uploads\/2023\/01\/166150427_l-min-1.jpg\" class=\"attachment-large size-large wp-image-706\" alt=\"Voyager en van am\u00e9nag\u00e9 l&#039;hiver\" \/>\t\t\t\t\t\t\t\t\t\t\t\t\t\t\t<\/div>\n\t\t\t\t<\/div>\n\t\t\t\t\t<\/div>\n\t\t<\/div>\n\t\t\t\t\t<\/div>\n\t\t<\/section>\n\t\t\t\t<section class=\"elementor-section elementor-top-section elementor-element elementor-element-bfd1f81 elementor-section-boxed elementor-section-height-default elementor-section-height-default\" data-id=\"bfd1f81\" data-element_type=\"section\" data-e-type=\"section\">\n\t\t\t\t\t\t<div class=\"elementor-container elementor-column-gap-default\">\n\t\t\t\t\t<div class=\"elementor-column elementor-col-100 elementor-top-column elementor-element elementor-element-29e360f\" data-id=\"29e360f\" data-element_type=\"column\" data-e-type=\"column\">\n\t\t\t<div class=\"elementor-widget-wrap elementor-element-populated\">\n\t\t\t\t\t\t<div class=\"elementor-element elementor-element-59775e7 elementor-widget elementor-widget-heading\" data-id=\"59775e7\" data-element_type=\"widget\" data-e-type=\"widget\" data-widget_type=\"heading.default\">\n\t\t\t\t<div class=\"elementor-widget-container\">\n\t\t\t\t\t<h2 class=\"elementor-heading-title elementor-size-default\">Voyage en van am\u00e9nag\u00e9 l\u2019hiver : les r\u00e9flexes \u00e0 adopter<\/h2>\t\t\t\t<\/div>\n\t\t\t\t<\/div>\n\t\t\t\t\t<\/div>\n\t\t<\/div>\n\t\t\t\t\t<\/div>\n\t\t<\/section>\n\t\t\t\t<section class=\"elementor-section elementor-top-section elementor-element elementor-element-7f39af8 elementor-section-boxed elementor-section-height-default elementor-section-height-default\" data-id=\"7f39af8\" data-element_type=\"section\" data-e-type=\"section\">\n\t\t\t\t\t\t<div class=\"elementor-container elementor-column-gap-default\">\n\t\t\t\t\t<div class=\"elementor-column elementor-col-100 elementor-top-column elementor-element elementor-element-b3d5f0a\" data-id=\"b3d5f0a\" data-element_type=\"column\" data-e-type=\"column\">\n\t\t\t<div class=\"elementor-widget-wrap elementor-element-populated\">\n\t\t\t\t\t\t<div class=\"elementor-element elementor-element-5048010 elementor-widget elementor-widget-text-editor\" data-id=\"5048010\" data-element_type=\"widget\" data-e-type=\"widget\" data-widget_type=\"text-editor.default\">\n\t\t\t\t<div class=\"elementor-widget-container\">\n\t\t\t\t\t\t\t\t\t<p><span style=\"font-weight: 400;\">En plus du mat\u00e9riel que l\u2019on vous conseille d\u2019avoir avec vous, voyager en van am\u00e9nag\u00e9 l\u2019hiver c\u2019est adopter des r\u00e9flexes qui permettent d\u2019\u00eatre serein. Par exemple :\u00a0<\/span><\/p><ul><li style=\"font-weight: 400;\" aria-level=\"1\"><span style=\"font-weight: 400;\">chauffer l\u2019habitacle 10\/15mn avant de vous coucher pour s\u2019endormir tranquillement\u00a0<\/span><\/li><li style=\"font-weight: 400;\" aria-level=\"1\"><span style=\"font-weight: 400;\">ne pas h\u00e9siter sur les couches de v\u00eatements et chaussettes !\u00a0<\/span><\/li><li style=\"font-weight: 400;\" aria-level=\"1\"><span style=\"font-weight: 400;\">prendre une douche bien chaude avant de dormir : vous pouvez vous arr\u00eater au camping pour en b\u00e9n\u00e9ficier, et si vous ne souhaitez pas y rester dormir, il est possible d\u2019y faire seulement un arr\u00eat pour profiter des sanitaires avant de trouver votre spot pour la nuit.\u00a0<\/span><\/li><li style=\"font-weight: 400;\" aria-level=\"1\"><span style=\"font-weight: 400;\">cuisiner chaud ! en plus de r\u00e9chauffer son estomac et son coeur, c\u2019est \u00e9galement la meilleure fa\u00e7on de r\u00e9chauffer votre int\u00e9rieur\u00a0<\/span><\/li><li style=\"font-weight: 400;\" aria-level=\"1\"><span style=\"font-weight: 400;\">disposer vos v\u00eatements du lendemain sous les draps pour qu\u2019ils soient chauds au r\u00e9veil\u00a0<\/span><\/li><li style=\"font-weight: 400;\" aria-level=\"1\"><span style=\"font-weight: 400;\">mettre vos appareils \u00e9lectroniques de c\u00f4t\u00e9 : c\u2019est bien connu, avec le froid, la batterie de ces derniers \u00e0 tendance \u00e0 \u00eatre moins performante\u00a0<\/span><\/li><\/ul><p><span style=\"font-weight: 400;\">\u00c9videmment, voyager en van am\u00e9nag\u00e9 l\u2019hiver n\u2019est pas un mode de voyage adapt\u00e9 \u00e0 tous, et il faut avoir conscience de la diff\u00e9rence par rapport \u00e0 un roadtrip estival. Mais si vous souhaitez pimenter votre quotidien et tester le voyage en van am\u00e9nag\u00e9 dans une ambiance sereine, c\u2019est l\u2019exp\u00e9rience faite pour vous !<\/span><\/p><p><span style=\"font-weight: 400;\">Rendez-vous sur notre <a href=\"https:\/\/www.thefamilyvan.fr\/\">site internet<\/a> pour r\u00e9server votre van pour la p\u00e9riode hivernale.<\/span><\/p><p>D\u00e9couvrez le <a href=\"https:\/\/www.samfaitvoyager.com\/voyager-van-hiver\/\">retour d&rsquo;exp\u00e9rience<\/a> de Samfaitvoyager sur le voyage en van am\u00e9nag\u00e9 en hiver.<\/p>\t\t\t\t\t\t\t\t<\/div>\n\t\t\t\t<\/div>\n\t\t\t\t\t<\/div>\n\t\t<\/div>\n\t\t\t\t\t<\/div>\n\t\t<\/section>\n\t\t\t\t<\/div>\n\t\t","protected":false},"excerpt":{"rendered":"<p>Vous ne l\u2019avez peut-\u00eatre jamais envisag\u00e9 mais sachez que voyager en van am\u00e9nag\u00e9 \u00e9lectrique en hiver, c\u2019est possible !\u00a0 Paysages idylliques, moins de touristes, prix &hellip; <\/p>\n","protected":false},"author":3,"featured_media":713,"comment_status":"open","ping_status":"open","sticky":false,"template":"","format":"standard","meta":{"_monsterinsights_skip_tracking":false,"_monsterinsights_sitenote_active":false,"_monsterinsights_sitenote_note":"","_monsterinsights_sitenote_category":0,"footnotes":""},"categories":[36,1],"tags":[],"class_list":["post-704","post","type-post","status-publish","format-standard","has-post-thumbnail","hentry","category-le-guide-du-voyage-en-van-amenage","category-non-classe","has-meta"],"aioseo_notices":[],"_links":{"self":[{"href":"https:\/\/www.thefamilyvan.fr\/blog\/wp-json\/wp\/v2\/posts\/704","targetHints":{"allow":["GET"]}}],"collection":[{"href":"https:\/\/www.thefamilyvan.fr\/blog\/wp-json\/wp\/v2\/posts"}],"about":[{"href":"https:\/\/www.thefamilyvan.fr\/blog\/wp-json\/wp\/v2\/types\/post"}],"author":[{"embeddable":true,"href":"https:\/\/www.thefamilyvan.fr\/blog\/wp-json\/wp\/v2\/users\/3"}],"replies":[{"embeddable":true,"href":"https:\/\/www.thefamilyvan.fr\/blog\/wp-json\/wp\/v2\/comments?post=704"}],"version-history":[{"count":22,"href":"https:\/\/www.thefamilyvan.fr\/blog\/wp-json\/wp\/v2\/posts\/704\/revisions"}],"predecessor-version":[{"id":1588,"href":"https:\/\/www.thefamilyvan.fr\/blog\/wp-json\/wp\/v2\/posts\/704\/revisions\/1588"}],"wp:featuredmedia":[{"embeddable":true,"href":"https:\/\/www.thefamilyvan.fr\/blog\/wp-json\/wp\/v2\/media\/713"}],"wp:attachment":[{"href":"https:\/\/www.thefamilyvan.fr\/blog\/wp-json\/wp\/v2\/media?parent=704"}],"wp:term":[{"taxonomy":"category","embeddable":true,"href":"https:\/\/www.thefamilyvan.fr\/blog\/wp-json\/wp\/v2\/categories?post=704"},{"taxonomy":"post_tag","embeddable":true,"href":"https:\/\/www.thefamilyvan.fr\/blog\/wp-json\/wp\/v2\/tags?post=704"}],"curies":[{"name":"wp","href":"https:\/\/api.w.org\/{rel}","templated":true}]}}