{"id":868,"date":"2023-04-12T18:02:37","date_gmt":"2023-04-12T16:02:37","guid":{"rendered":"https:\/\/www.thefamilyvan.fr\/blog\/?p=868"},"modified":"2023-04-12T18:02:38","modified_gmt":"2023-04-12T16:02:38","slug":"surfcamp-itinerant-le-temps-dun-week-end-prolonge","status":"publish","type":"post","link":"https:\/\/www.thefamilyvan.fr\/blog\/surfcamp-itinerant-le-temps-dun-week-end-prolonge\/","title":{"rendered":"Surfcamp itin\u00e9rant le temps d\u2019un week-end prolong\u00e9"},"content":{"rendered":"\t\t<div data-elementor-type=\"wp-post\" data-elementor-id=\"868\" class=\"elementor elementor-868\">\n\t\t\t\t\t\t<section class=\"elementor-section elementor-top-section elementor-element elementor-element-da24f38 elementor-section-boxed elementor-section-height-default elementor-section-height-default\" data-id=\"da24f38\" data-element_type=\"section\" data-e-type=\"section\">\n\t\t\t\t\t\t<div class=\"elementor-container elementor-column-gap-default\">\n\t\t\t\t\t<div class=\"elementor-column elementor-col-100 elementor-top-column elementor-element elementor-element-a6dc999\" data-id=\"a6dc999\" data-element_type=\"column\" data-e-type=\"column\">\n\t\t\t<div class=\"elementor-widget-wrap elementor-element-populated\">\n\t\t\t\t\t\t<div class=\"elementor-element elementor-element-67b2ec8 elementor-widget elementor-widget-text-editor\" data-id=\"67b2ec8\" data-element_type=\"widget\" data-e-type=\"widget\" data-widget_type=\"text-editor.default\">\n\t\t\t\t<div class=\"elementor-widget-container\">\n\t\t\t\t\t\t\t\t\t<p><span style=\"font-weight: 400;\">L\u2019\u00e9t\u00e9 approche et l\u2019envie de partir en vacances vous titille, mais votre boss ne vous laissera jamais poser une semaine enti\u00e8re de cong\u00e9s. Pas de panique : The Family Van vous propose d\u00e9sormais de partir en <a href=\"https:\/\/www.thefamilyvan.fr\/the-family-surf\">surfcamp itin\u00e9rant le temps d&rsquo;un week-end prolong\u00e9<\/a>.\u00a0<\/span><\/p><p><span style=\"font-weight: 400;\">Le format de nos voyages de groupe : du mercredi au dimanche pour d\u00e9couvrir la r\u00e9gion Nouvelle Aquitaine et s\u2019initier \u00e0 la pratique du surf.<\/span><\/p>\t\t\t\t\t\t\t\t<\/div>\n\t\t\t\t<\/div>\n\t\t\t\t\t<\/div>\n\t\t<\/div>\n\t\t\t\t\t<\/div>\n\t\t<\/section>\n\t\t\t\t<section class=\"elementor-section elementor-top-section elementor-element elementor-element-16c5966 elementor-section-boxed elementor-section-height-default elementor-section-height-default\" data-id=\"16c5966\" data-element_type=\"section\" data-e-type=\"section\">\n\t\t\t\t\t\t<div class=\"elementor-container elementor-column-gap-default\">\n\t\t\t\t\t<div class=\"elementor-column elementor-col-100 elementor-top-column elementor-element elementor-element-ece3b11\" data-id=\"ece3b11\" data-element_type=\"column\" data-e-type=\"column\">\n\t\t\t<div class=\"elementor-widget-wrap elementor-element-populated\">\n\t\t\t\t\t\t<div class=\"elementor-element elementor-element-84e20bc elementor-widget elementor-widget-image\" data-id=\"84e20bc\" data-element_type=\"widget\" data-e-type=\"widget\" data-widget_type=\"image.default\">\n\t\t\t\t<div class=\"elementor-widget-container\">\n\t\t\t\t\t\t\t\t\t\t\t\t\t\t\t<img fetchpriority=\"high\" decoding=\"async\" width=\"750\" height=\"422\" src=\"https:\/\/www.thefamilyvan.fr\/blog\/wp-content\/uploads\/2023\/04\/WhatsApp-Image-2023-03-23-at-19.42.11.jpeg\" class=\"attachment-large size-large wp-image-870\" alt=\"Surfcamp itin\u00e9rant en van am\u00e9nag\u00e9 dans le sud ouest\" \/>\t\t\t\t\t\t\t\t\t\t\t\t\t\t\t<\/div>\n\t\t\t\t<\/div>\n\t\t\t\t\t<\/div>\n\t\t<\/div>\n\t\t\t\t\t<\/div>\n\t\t<\/section>\n\t\t\t\t<section class=\"elementor-section elementor-top-section elementor-element elementor-element-65db282 elementor-section-boxed elementor-section-height-default elementor-section-height-default\" data-id=\"65db282\" data-element_type=\"section\" data-e-type=\"section\">\n\t\t\t\t\t\t<div class=\"elementor-container elementor-column-gap-default\">\n\t\t\t\t\t<div class=\"elementor-column elementor-col-100 elementor-top-column elementor-element elementor-element-d5d0354\" data-id=\"d5d0354\" data-element_type=\"column\" data-e-type=\"column\">\n\t\t\t<div class=\"elementor-widget-wrap elementor-element-populated\">\n\t\t\t\t\t\t<div class=\"elementor-element elementor-element-840bbb9 elementor-widget elementor-widget-heading\" data-id=\"840bbb9\" data-element_type=\"widget\" data-e-type=\"widget\" data-widget_type=\"heading.default\">\n\t\t\t\t<div class=\"elementor-widget-container\">\n\t\t\t\t\t<h2 class=\"elementor-heading-title elementor-size-default\">D\u00e9couvrir la r\u00e9gion Nouvelle Aquitaine le temps d\u2019un week-end<\/h2>\t\t\t\t<\/div>\n\t\t\t\t<\/div>\n\t\t\t\t\t<\/div>\n\t\t<\/div>\n\t\t\t\t\t<\/div>\n\t\t<\/section>\n\t\t\t\t<section class=\"elementor-section elementor-top-section elementor-element elementor-element-7a8586f elementor-section-boxed elementor-section-height-default elementor-section-height-default\" data-id=\"7a8586f\" data-element_type=\"section\" data-e-type=\"section\">\n\t\t\t\t\t\t<div class=\"elementor-container elementor-column-gap-default\">\n\t\t\t\t\t<div class=\"elementor-column elementor-col-100 elementor-top-column elementor-element elementor-element-607c7cf\" data-id=\"607c7cf\" data-element_type=\"column\" data-e-type=\"column\">\n\t\t\t<div class=\"elementor-widget-wrap elementor-element-populated\">\n\t\t\t\t\t\t<div class=\"elementor-element elementor-element-fdc8f1c elementor-widget elementor-widget-text-editor\" data-id=\"fdc8f1c\" data-element_type=\"widget\" data-e-type=\"widget\" data-widget_type=\"text-editor.default\">\n\t\t\t\t<div class=\"elementor-widget-container\">\n\t\t\t\t\t\t\t\t\t<p><span style=\"font-weight: 400;\">Un week end prolong\u00e9, c\u2019est la coupure dont tout le monde a besoin pour se ressourcer, penser \u00e0 autre chose le temps de quelques jours, et d\u00e9compresser.<\/span><\/p><p><span style=\"font-weight: 400;\">Entre Landes, Gironde, et Pays-Basque, on vous l\u2019assure : pas de quoi s\u2019ennuyer en r\u00e9gion Nouvelle-Aquitaine. The Family Van vous permet de red\u00e9couvrir cette r\u00e9gion le temps d\u2019un surf camp itin\u00e9rant sur 5 jours, en juin.<\/span><\/p>\t\t\t\t\t\t\t\t<\/div>\n\t\t\t\t<\/div>\n\t\t\t\t\t<\/div>\n\t\t<\/div>\n\t\t\t\t\t<\/div>\n\t\t<\/section>\n\t\t\t\t<section class=\"elementor-section elementor-top-section elementor-element elementor-element-574c803 elementor-section-boxed elementor-section-height-default elementor-section-height-default\" data-id=\"574c803\" data-element_type=\"section\" data-e-type=\"section\">\n\t\t\t\t\t\t<div class=\"elementor-container elementor-column-gap-default\">\n\t\t\t\t\t<div class=\"elementor-column elementor-col-100 elementor-top-column elementor-element elementor-element-a05cfe0\" data-id=\"a05cfe0\" data-element_type=\"column\" data-e-type=\"column\">\n\t\t\t<div class=\"elementor-widget-wrap elementor-element-populated\">\n\t\t\t\t\t\t<div class=\"elementor-element elementor-element-6ed0a27 elementor-widget elementor-widget-heading\" data-id=\"6ed0a27\" data-element_type=\"widget\" data-e-type=\"widget\" data-widget_type=\"heading.default\">\n\t\t\t\t<div class=\"elementor-widget-container\">\n\t\t\t\t\t<h2 class=\"elementor-heading-title elementor-size-default\">Un surfcamp itin\u00e9rant le temps d'un week-end prolong\u00e9\u2026 en van \u00e9lectrique !<\/h2>\t\t\t\t<\/div>\n\t\t\t\t<\/div>\n\t\t\t\t\t<\/div>\n\t\t<\/div>\n\t\t\t\t\t<\/div>\n\t\t<\/section>\n\t\t\t\t<section class=\"elementor-section elementor-top-section elementor-element elementor-element-43fcad5 elementor-section-boxed elementor-section-height-default elementor-section-height-default\" data-id=\"43fcad5\" data-element_type=\"section\" data-e-type=\"section\">\n\t\t\t\t\t\t<div class=\"elementor-container elementor-column-gap-default\">\n\t\t\t\t\t<div class=\"elementor-column elementor-col-100 elementor-top-column elementor-element elementor-element-9a69499\" data-id=\"9a69499\" data-element_type=\"column\" data-e-type=\"column\">\n\t\t\t<div class=\"elementor-widget-wrap elementor-element-populated\">\n\t\t\t\t\t\t<div class=\"elementor-element elementor-element-61bee4c elementor-widget elementor-widget-text-editor\" data-id=\"61bee4c\" data-element_type=\"widget\" data-e-type=\"widget\" data-widget_type=\"text-editor.default\">\n\t\t\t\t<div class=\"elementor-widget-container\">\n\t\t\t\t\t\t\t\t\t<p><span style=\"font-weight: 400;\">Le <a href=\"https:\/\/www.thefamilyvan.fr\/the-family-surf\">surfcamp The Family Van<\/a> a deux particularit\u00e9s : il est itin\u00e9rant, et \u00e0 bord de vans am\u00e9nag\u00e9s \u00e9lectriques.\u00a0<\/span><\/p><p><span style=\"font-weight: 400;\">Le concept de l\u2019entreprise : repenser la colonie de vacances durant laquelle nous nous sommes tant amus\u00e9s enfants, en l\u2019adaptant pour les adultes. Qui a dit que l\u2019on ne pouvait plus s&rsquo;amuser pass\u00e9 nos 18 ans ? En r\u00e9servant votre surf camp itin\u00e9rant \u00e0 bord de nos vans \u00e9lectriques, vous pourrez voyager de mani\u00e8re responsable, tout en rencontrant de nouvelles personnes et en vous adonnant \u00e0 la pratique du surf.<\/span><\/p>\t\t\t\t\t\t\t\t<\/div>\n\t\t\t\t<\/div>\n\t\t\t\t\t<\/div>\n\t\t<\/div>\n\t\t\t\t\t<\/div>\n\t\t<\/section>\n\t\t\t\t<section class=\"elementor-section elementor-top-section elementor-element elementor-element-b6827a7 elementor-section-boxed elementor-section-height-default elementor-section-height-default\" data-id=\"b6827a7\" data-element_type=\"section\" data-e-type=\"section\">\n\t\t\t\t\t\t<div class=\"elementor-container elementor-column-gap-default\">\n\t\t\t\t\t<div class=\"elementor-column elementor-col-100 elementor-top-column elementor-element elementor-element-95c733d\" data-id=\"95c733d\" data-element_type=\"column\" data-e-type=\"column\">\n\t\t\t<div class=\"elementor-widget-wrap elementor-element-populated\">\n\t\t\t\t\t\t<div class=\"elementor-element elementor-element-dede421 elementor-widget elementor-widget-heading\" data-id=\"dede421\" data-element_type=\"widget\" data-e-type=\"widget\" data-widget_type=\"heading.default\">\n\t\t\t\t<div class=\"elementor-widget-container\">\n\t\t\t\t\t<h2 class=\"elementor-heading-title elementor-size-default\">Des cours de surf quotidiens<\/h2>\t\t\t\t<\/div>\n\t\t\t\t<\/div>\n\t\t\t\t\t<\/div>\n\t\t<\/div>\n\t\t\t\t\t<\/div>\n\t\t<\/section>\n\t\t\t\t<section class=\"elementor-section elementor-top-section elementor-element elementor-element-d698fc9 elementor-section-boxed elementor-section-height-default elementor-section-height-default\" data-id=\"d698fc9\" data-element_type=\"section\" data-e-type=\"section\">\n\t\t\t\t\t\t<div class=\"elementor-container elementor-column-gap-default\">\n\t\t\t\t\t<div class=\"elementor-column elementor-col-100 elementor-top-column elementor-element elementor-element-5ae66d2\" data-id=\"5ae66d2\" data-element_type=\"column\" data-e-type=\"column\">\n\t\t\t<div class=\"elementor-widget-wrap elementor-element-populated\">\n\t\t\t\t\t\t<div class=\"elementor-element elementor-element-765f4bb elementor-widget elementor-widget-text-editor\" data-id=\"765f4bb\" data-element_type=\"widget\" data-e-type=\"widget\" data-widget_type=\"text-editor.default\">\n\t\t\t\t<div class=\"elementor-widget-container\">\n\t\t\t\t\t\t\t\t\t<p><span style=\"font-weight: 400;\">Le but d\u2019un surf camp : progresser en surf tout en passant du bon temps.\u00a0<\/span><\/p><p><span style=\"font-weight: 400;\">Chez The Family Van, tous nos surfcamp itin\u00e9rants incluent la location du van, le mat\u00e9riel de surf (combinaison, planche, et wax) et les cours de surf avec un guide brevet\u00e9 et enfant de la r\u00e9gion. En fonction du niveau des participants, des groupes de niveaux seront d\u00e9termin\u00e9s avec le guide, pendant le s\u00e9jour. <\/span><\/p>\t\t\t\t\t\t\t\t<\/div>\n\t\t\t\t<\/div>\n\t\t\t\t\t<\/div>\n\t\t<\/div>\n\t\t\t\t\t<\/div>\n\t\t<\/section>\n\t\t\t\t<section class=\"elementor-section elementor-top-section elementor-element elementor-element-e92c1ee elementor-section-boxed elementor-section-height-default elementor-section-height-default\" data-id=\"e92c1ee\" data-element_type=\"section\" data-e-type=\"section\">\n\t\t\t\t\t\t<div class=\"elementor-container elementor-column-gap-default\">\n\t\t\t\t\t<div class=\"elementor-column elementor-col-100 elementor-top-column elementor-element elementor-element-6fb4860\" data-id=\"6fb4860\" data-element_type=\"column\" data-e-type=\"column\">\n\t\t\t<div class=\"elementor-widget-wrap elementor-element-populated\">\n\t\t\t\t\t\t<div class=\"elementor-element elementor-element-59a5bd9 elementor-widget elementor-widget-heading\" data-id=\"59a5bd9\" data-element_type=\"widget\" data-e-type=\"widget\" data-widget_type=\"heading.default\">\n\t\t\t\t<div class=\"elementor-widget-container\">\n\t\t\t\t\t<h2 class=\"elementor-heading-title elementor-size-default\">Des recharges optimis\u00e9es avec le van \u00e9lectrique<\/h2>\t\t\t\t<\/div>\n\t\t\t\t<\/div>\n\t\t\t\t\t<\/div>\n\t\t<\/div>\n\t\t\t\t\t<\/div>\n\t\t<\/section>\n\t\t\t\t<section class=\"elementor-section elementor-top-section elementor-element elementor-element-6a2605a elementor-section-boxed elementor-section-height-default elementor-section-height-default\" data-id=\"6a2605a\" data-element_type=\"section\" data-e-type=\"section\">\n\t\t\t\t\t\t<div class=\"elementor-container elementor-column-gap-default\">\n\t\t\t\t\t<div class=\"elementor-column elementor-col-100 elementor-top-column elementor-element elementor-element-04a9294\" data-id=\"04a9294\" data-element_type=\"column\" data-e-type=\"column\">\n\t\t\t<div class=\"elementor-widget-wrap elementor-element-populated\">\n\t\t\t\t\t\t<div class=\"elementor-element elementor-element-0640da6 elementor-widget elementor-widget-text-editor\" data-id=\"0640da6\" data-element_type=\"widget\" data-e-type=\"widget\" data-widget_type=\"text-editor.default\">\n\t\t\t\t<div class=\"elementor-widget-container\">\n\t\t\t\t\t\t\t\t\t<p><span style=\"font-weight: 400;\">En plus des campings soigneusement s\u00e9lectionn\u00e9s par nos soins qui vous permettront de recharger pendant la nuit, le trajet propos\u00e9 sur ce surfcamp de 5 jours a \u00e9t\u00e9 con\u00e7u de telle mani\u00e8re \u00e0 ce que vous n\u2019ayez pas \u00e0 recharger autrement que pendant la nuit.\u00a0<\/span><\/p>\t\t\t\t\t\t\t\t<\/div>\n\t\t\t\t<\/div>\n\t\t\t\t\t<\/div>\n\t\t<\/div>\n\t\t\t\t\t<\/div>\n\t\t<\/section>\n\t\t\t\t<section class=\"elementor-section elementor-top-section elementor-element elementor-element-12b075e elementor-section-boxed elementor-section-height-default elementor-section-height-default\" data-id=\"12b075e\" data-element_type=\"section\" data-e-type=\"section\">\n\t\t\t\t\t\t<div class=\"elementor-container elementor-column-gap-default\">\n\t\t\t\t\t<div class=\"elementor-column elementor-col-100 elementor-top-column elementor-element elementor-element-cf92799\" data-id=\"cf92799\" data-element_type=\"column\" data-e-type=\"column\">\n\t\t\t<div class=\"elementor-widget-wrap elementor-element-populated\">\n\t\t\t\t\t\t<div class=\"elementor-element elementor-element-a72dd51 elementor-widget elementor-widget-text-editor\" data-id=\"a72dd51\" data-element_type=\"widget\" data-e-type=\"widget\" data-widget_type=\"text-editor.default\">\n\t\t\t\t<div class=\"elementor-widget-container\">\n\t\t\t\t\t\t\t\t\t<p><span style=\"font-weight: 400;\">Convaincus ? Rendez vous sur <a href=\"https:\/\/www.thefamilyvan.fr\/the-family-surf\">thefamilyvan.fr<\/a> pour r\u00e9server votre place dans notre s\u00e9jour de groupe \ud83c\udfc4<\/span><\/p><p><span style=\"font-weight: 400;\">D\u00e9couvrez <a href=\"https:\/\/www.vanlifemag.fr\/presentationessais\/family-van-le-surf-camp-itinerant-en-van-electrique-entre-autres-propositions\/65198\">l&rsquo;article<\/a> de Vanlife Mag sur notre s\u00e9jour de groupe The Family Surf.<\/span><\/p>\t\t\t\t\t\t\t\t<\/div>\n\t\t\t\t<\/div>\n\t\t\t\t\t<\/div>\n\t\t<\/div>\n\t\t\t\t\t<\/div>\n\t\t<\/section>\n\t\t\t\t<\/div>\n\t\t","protected":false},"excerpt":{"rendered":"<p>L\u2019\u00e9t\u00e9 approche et l\u2019envie de partir en vacances vous titille, mais votre boss ne vous laissera jamais poser une semaine enti\u00e8re de cong\u00e9s. Pas de &hellip; <\/p>\n","protected":false},"author":3,"featured_media":870,"comment_status":"open","ping_status":"open","sticky":false,"template":"","format":"standard","meta":{"_monsterinsights_skip_tracking":false,"_monsterinsights_sitenote_active":false,"_monsterinsights_sitenote_note":"","_monsterinsights_sitenote_category":0,"footnotes":""},"categories":[16,15],"tags":[],"class_list":["post-868","post","type-post","status-publish","format-standard","has-post-thumbnail","hentry","category-les-sejours-sportifs-en-groupe","category-les-sejours-en-groupe-de-the-family-van","has-meta"],"aioseo_notices":[],"_links":{"self":[{"href":"https:\/\/www.thefamilyvan.fr\/blog\/wp-json\/wp\/v2\/posts\/868","targetHints":{"allow":["GET"]}}],"collection":[{"href":"https:\/\/www.thefamilyvan.fr\/blog\/wp-json\/wp\/v2\/posts"}],"about":[{"href":"https:\/\/www.thefamilyvan.fr\/blog\/wp-json\/wp\/v2\/types\/post"}],"author":[{"embeddable":true,"href":"https:\/\/www.thefamilyvan.fr\/blog\/wp-json\/wp\/v2\/users\/3"}],"replies":[{"embeddable":true,"href":"https:\/\/www.thefamilyvan.fr\/blog\/wp-json\/wp\/v2\/comments?post=868"}],"version-history":[{"count":21,"href":"https:\/\/www.thefamilyvan.fr\/blog\/wp-json\/wp\/v2\/posts\/868\/revisions"}],"predecessor-version":[{"id":996,"href":"https:\/\/www.thefamilyvan.fr\/blog\/wp-json\/wp\/v2\/posts\/868\/revisions\/996"}],"wp:featuredmedia":[{"embeddable":true,"href":"https:\/\/www.thefamilyvan.fr\/blog\/wp-json\/wp\/v2\/media\/870"}],"wp:attachment":[{"href":"https:\/\/www.thefamilyvan.fr\/blog\/wp-json\/wp\/v2\/media?parent=868"}],"wp:term":[{"taxonomy":"category","embeddable":true,"href":"https:\/\/www.thefamilyvan.fr\/blog\/wp-json\/wp\/v2\/categories?post=868"},{"taxonomy":"post_tag","embeddable":true,"href":"https:\/\/www.thefamilyvan.fr\/blog\/wp-json\/wp\/v2\/tags?post=868"}],"curies":[{"name":"wp","href":"https:\/\/api.w.org\/{rel}","templated":true}]}}