{"id":890,"date":"2023-04-12T18:35:26","date_gmt":"2023-04-12T16:35:26","guid":{"rendered":"https:\/\/www.thefamilyvan.fr\/blog\/?p=890"},"modified":"2023-04-17T18:20:40","modified_gmt":"2023-04-17T16:20:40","slug":"voyager-en-van-amenage-dans-le-sud-ouest-les-bases-dun-roadtrip-reussi","status":"publish","type":"post","link":"https:\/\/www.thefamilyvan.fr\/blog\/voyager-en-van-amenage-dans-le-sud-ouest-les-bases-dun-roadtrip-reussi\/","title":{"rendered":"Voyager en van am\u00e9nag\u00e9 dans le sud ouest : les bases d&rsquo;un roadtrip r\u00e9ussi"},"content":{"rendered":"\t\t<div data-elementor-type=\"wp-post\" data-elementor-id=\"890\" class=\"elementor elementor-890\">\n\t\t\t\t\t\t<section class=\"elementor-section elementor-top-section elementor-element elementor-element-551f5b1 elementor-section-boxed elementor-section-height-default elementor-section-height-default\" data-id=\"551f5b1\" data-element_type=\"section\" data-e-type=\"section\">\n\t\t\t\t\t\t<div class=\"elementor-container elementor-column-gap-default\">\n\t\t\t\t\t<div class=\"elementor-column elementor-col-100 elementor-top-column elementor-element elementor-element-e5d7791\" data-id=\"e5d7791\" data-element_type=\"column\" data-e-type=\"column\">\n\t\t\t<div class=\"elementor-widget-wrap elementor-element-populated\">\n\t\t\t\t\t\t<div class=\"elementor-element elementor-element-d55f124 elementor-widget elementor-widget-text-editor\" data-id=\"d55f124\" data-element_type=\"widget\" data-e-type=\"widget\" data-widget_type=\"text-editor.default\">\n\t\t\t\t<div class=\"elementor-widget-container\">\n\t\t\t\t\t\t\t\t\t<p><span style=\"font-weight: 400;\">Vous cherchez une fa\u00e7on unique de d\u00e9couvrir le sud-ouest de la France ? Pourquoi ne pas tester le <a href=\"https:\/\/www.thefamilyvan.fr\/locations\">voyage en van am\u00e9nag\u00e9<\/a> ? Ce mode de transport insolite vous permet de d\u00e9couvrir des endroits recul\u00e9s, des vues \u00e0 couper le souffle et de vivre des exp\u00e9riences inoubliables. Dans cet article, nous allons vous donner des conseils et astuces pour voyager en van am\u00e9nag\u00e9 dans le sud ouest.<\/span><\/p>\t\t\t\t\t\t\t\t<\/div>\n\t\t\t\t<\/div>\n\t\t\t\t\t<\/div>\n\t\t<\/div>\n\t\t\t\t\t<\/div>\n\t\t<\/section>\n\t\t\t\t<section class=\"elementor-section elementor-top-section elementor-element elementor-element-32bdcf6 elementor-section-boxed elementor-section-height-default elementor-section-height-default\" data-id=\"32bdcf6\" data-element_type=\"section\" data-e-type=\"section\">\n\t\t\t\t\t\t<div class=\"elementor-container elementor-column-gap-default\">\n\t\t\t\t\t<div class=\"elementor-column elementor-col-100 elementor-top-column elementor-element elementor-element-7585fed\" data-id=\"7585fed\" data-element_type=\"column\" data-e-type=\"column\">\n\t\t\t<div class=\"elementor-widget-wrap elementor-element-populated\">\n\t\t\t\t\t\t<div class=\"elementor-element elementor-element-50a38ff elementor-widget elementor-widget-image\" data-id=\"50a38ff\" data-element_type=\"widget\" data-e-type=\"widget\" data-widget_type=\"image.default\">\n\t\t\t\t<div class=\"elementor-widget-container\">\n\t\t\t\t\t\t\t\t\t\t\t\t\t\t\t<img fetchpriority=\"high\" decoding=\"async\" width=\"750\" height=\"583\" src=\"https:\/\/www.thefamilyvan.fr\/blog\/wp-content\/uploads\/2023\/04\/The_Family_Van_Voyager_en_van_amenage_dans_le_sud_ouest-1.jpg\" class=\"attachment-large size-large wp-image-896\" alt=\"Traveling in a camper van in the South West\" \/>\t\t\t\t\t\t\t\t\t\t\t\t\t\t\t<\/div>\n\t\t\t\t<\/div>\n\t\t\t\t\t<\/div>\n\t\t<\/div>\n\t\t\t\t\t<\/div>\n\t\t<\/section>\n\t\t\t\t<section class=\"elementor-section elementor-top-section elementor-element elementor-element-4e7a0e6 elementor-section-boxed elementor-section-height-default elementor-section-height-default\" data-id=\"4e7a0e6\" data-element_type=\"section\" data-e-type=\"section\">\n\t\t\t\t\t\t<div class=\"elementor-container elementor-column-gap-default\">\n\t\t\t\t\t<div class=\"elementor-column elementor-col-100 elementor-top-column elementor-element elementor-element-54df157\" data-id=\"54df157\" data-element_type=\"column\" data-e-type=\"column\">\n\t\t\t<div class=\"elementor-widget-wrap elementor-element-populated\">\n\t\t\t\t\t\t<div class=\"elementor-element elementor-element-a516a9c elementor-widget elementor-widget-heading\" data-id=\"a516a9c\" data-element_type=\"widget\" data-e-type=\"widget\" data-widget_type=\"heading.default\">\n\t\t\t\t<div class=\"elementor-widget-container\">\n\t\t\t\t\t<h2 class=\"elementor-heading-title elementor-size-default\">1. Trouvez le bon van am\u00e9nag\u00e9<\/h2>\t\t\t\t<\/div>\n\t\t\t\t<\/div>\n\t\t\t\t\t<\/div>\n\t\t<\/div>\n\t\t\t\t\t<\/div>\n\t\t<\/section>\n\t\t\t\t<section class=\"elementor-section elementor-top-section elementor-element elementor-element-fce2918 elementor-section-boxed elementor-section-height-default elementor-section-height-default\" data-id=\"fce2918\" data-element_type=\"section\" data-e-type=\"section\">\n\t\t\t\t\t\t<div class=\"elementor-container elementor-column-gap-default\">\n\t\t\t\t\t<div class=\"elementor-column elementor-col-100 elementor-top-column elementor-element elementor-element-2277ae6\" data-id=\"2277ae6\" data-element_type=\"column\" data-e-type=\"column\">\n\t\t\t<div class=\"elementor-widget-wrap elementor-element-populated\">\n\t\t\t\t\t\t<div class=\"elementor-element elementor-element-a82ba62 elementor-widget elementor-widget-text-editor\" data-id=\"a82ba62\" data-element_type=\"widget\" data-e-type=\"widget\" data-widget_type=\"text-editor.default\">\n\t\t\t\t<div class=\"elementor-widget-container\">\n\t\t\t\t\t\t\t\t\t<p><span style=\"font-weight: 400;\">Le premier pas pour voyager en van am\u00e9nag\u00e9 dans le sud ouest est de trouver le bon v\u00e9hicule. Il existe de nombreux mod\u00e8les de van, chacun ayant ses avantages et inconv\u00e9nients. Le van am\u00e9nag\u00e9 est g\u00e9n\u00e9ralement \u00e9quip\u00e9 d\u2019un lit, d\u2019une cuisine et d\u2019un espace de rangement pour un gabarit mini. De son c\u00f4t\u00e9, le fourgon am\u00e9nag\u00e9 offre plus d\u2019espace et de confort, mais comporte \u00e9galement des inconv\u00e9nients : trop haut pour les barri\u00e8res, p\u00e9ages de cat\u00e9gorie 2, difficult\u00e9 pour se garer. Avant de louer ou d\u2019acheter un van, assurez-vous qu\u2019il correspond \u00e0 vos besoins et \u00e0 votre budget.<\/span><\/p><p><span style=\"font-weight: 400;\">Chez The Family Van, vous pourrez <a href=\"https:\/\/www.thefamilyvan.fr\/locations\">louer des vans am\u00e9nag\u00e9s 100% \u00e9lectriques<\/a>. Nos e-Jumpy vous permettront de passer partout et proposent un am\u00e9nagement confort et tous les \u00e9quipements n\u00e9cessaires pour un roadtrip r\u00e9ussi.<\/span><\/p>\t\t\t\t\t\t\t\t<\/div>\n\t\t\t\t<\/div>\n\t\t\t\t\t<\/div>\n\t\t<\/div>\n\t\t\t\t\t<\/div>\n\t\t<\/section>\n\t\t\t\t<section class=\"elementor-section elementor-top-section elementor-element elementor-element-a5bca23 elementor-section-boxed elementor-section-height-default elementor-section-height-default\" data-id=\"a5bca23\" data-element_type=\"section\" data-e-type=\"section\">\n\t\t\t\t\t\t<div class=\"elementor-container elementor-column-gap-default\">\n\t\t\t\t\t<div class=\"elementor-column elementor-col-100 elementor-top-column elementor-element elementor-element-9b1975c\" data-id=\"9b1975c\" data-element_type=\"column\" data-e-type=\"column\">\n\t\t\t<div class=\"elementor-widget-wrap elementor-element-populated\">\n\t\t\t\t\t\t<div class=\"elementor-element elementor-element-3e0f932 elementor-widget elementor-widget-heading\" data-id=\"3e0f932\" data-element_type=\"widget\" data-e-type=\"widget\" data-widget_type=\"heading.default\">\n\t\t\t\t<div class=\"elementor-widget-container\">\n\t\t\t\t\t<h2 class=\"elementor-heading-title elementor-size-default\">2. Voyager en van am\u00e9nag\u00e9 dans le sud ouest : itin\u00e9raire<\/h2>\t\t\t\t<\/div>\n\t\t\t\t<\/div>\n\t\t\t\t\t<\/div>\n\t\t<\/div>\n\t\t\t\t\t<\/div>\n\t\t<\/section>\n\t\t\t\t<section class=\"elementor-section elementor-top-section elementor-element elementor-element-4f39841 elementor-section-boxed elementor-section-height-default elementor-section-height-default\" data-id=\"4f39841\" data-element_type=\"section\" data-e-type=\"section\">\n\t\t\t\t\t\t<div class=\"elementor-container elementor-column-gap-default\">\n\t\t\t\t\t<div class=\"elementor-column elementor-col-100 elementor-top-column elementor-element elementor-element-b8ce643\" data-id=\"b8ce643\" data-element_type=\"column\" data-e-type=\"column\">\n\t\t\t<div class=\"elementor-widget-wrap elementor-element-populated\">\n\t\t\t\t\t\t<div class=\"elementor-element elementor-element-f29332b elementor-widget elementor-widget-text-editor\" data-id=\"f29332b\" data-element_type=\"widget\" data-e-type=\"widget\" data-widget_type=\"text-editor.default\">\n\t\t\t\t<div class=\"elementor-widget-container\">\n\t\t\t\t\t\t\t\t\t<p><span style=\"font-weight: 400;\">Le sud ouest de la France regorge de sites naturels et culturels. Avant de partir, planifiez votre itin\u00e9raire en fonction de vos int\u00e9r\u00eats et de vos envies. Voici quelques lieux incontournables \u00e0 visiter : les plages de la c\u00f4te atlantique, les Pyr\u00e9n\u00e9es, les villes de Bordeaux, Toulouse et Montpellier, le Parc National des C\u00e9vennes, le Pays Basque et bien d&rsquo;autres encore. N&rsquo;oubliez pas de r\u00e9server vos campings ou aires de stationnement \u00e0 l\u2019avance pour \u00e9viter les mauvaises surprises, et \u00eatre en r\u00e8gles (le camping sauvage est largement controvers\u00e9 dans le sud-ouest).<\/span><\/p><p><span style=\"font-weight: 400;\">D\u00e9couvrez tous nos <a href=\"https:\/\/www.thefamilyvan.fr\/voyage-sur-mesure\">itin\u00e9raires sur mesure adapt\u00e9s au voyage en van am\u00e9nag\u00e9 \u00e9lectrique<\/a>.<\/span><\/p>\t\t\t\t\t\t\t\t<\/div>\n\t\t\t\t<\/div>\n\t\t\t\t\t<\/div>\n\t\t<\/div>\n\t\t\t\t\t<\/div>\n\t\t<\/section>\n\t\t\t\t<section class=\"elementor-section elementor-top-section elementor-element elementor-element-46ad060 elementor-section-boxed elementor-section-height-default elementor-section-height-default\" data-id=\"46ad060\" data-element_type=\"section\" data-e-type=\"section\">\n\t\t\t\t\t\t<div class=\"elementor-container elementor-column-gap-default\">\n\t\t\t\t\t<div class=\"elementor-column elementor-col-100 elementor-top-column elementor-element elementor-element-e3ce773\" data-id=\"e3ce773\" data-element_type=\"column\" data-e-type=\"column\">\n\t\t\t<div class=\"elementor-widget-wrap elementor-element-populated\">\n\t\t\t\t\t\t<div class=\"elementor-element elementor-element-6ffce42 elementor-widget elementor-widget-heading\" data-id=\"6ffce42\" data-element_type=\"widget\" data-e-type=\"widget\" data-widget_type=\"heading.default\">\n\t\t\t\t<div class=\"elementor-widget-container\">\n\t\t\t\t\t<h2 class=\"elementor-heading-title elementor-size-default\">3. \u00c9quipez-vous<\/h2>\t\t\t\t<\/div>\n\t\t\t\t<\/div>\n\t\t\t\t\t<\/div>\n\t\t<\/div>\n\t\t\t\t\t<\/div>\n\t\t<\/section>\n\t\t\t\t<section class=\"elementor-section elementor-top-section elementor-element elementor-element-2e39980 elementor-section-boxed elementor-section-height-default elementor-section-height-default\" data-id=\"2e39980\" data-element_type=\"section\" data-e-type=\"section\">\n\t\t\t\t\t\t<div class=\"elementor-container elementor-column-gap-default\">\n\t\t\t\t\t<div class=\"elementor-column elementor-col-100 elementor-top-column elementor-element elementor-element-9dd1dad\" data-id=\"9dd1dad\" data-element_type=\"column\" data-e-type=\"column\">\n\t\t\t<div class=\"elementor-widget-wrap elementor-element-populated\">\n\t\t\t\t\t\t<div class=\"elementor-element elementor-element-70c8cf9 elementor-widget elementor-widget-text-editor\" data-id=\"70c8cf9\" data-element_type=\"widget\" data-e-type=\"widget\" data-widget_type=\"text-editor.default\">\n\t\t\t\t<div class=\"elementor-widget-container\">\n\t\t\t\t\t\t\t\t\t<p><span style=\"font-weight: 400;\">Assurez-vous d&rsquo;avoir tout ce dont vous avez besoin pour un voyage confortable. Les \u00e9l\u00e9ments de base comprennent un sac de couchage, des oreillers, des serviettes, des ustensiles de cuisine, des plaques de cuisson, une glaci\u00e8re, des chaises de camping, une table pliante et une lampe de poche. En passant par une agence de location, ces \u00e9l\u00e9ments vous seront dans la majorit\u00e9 des cas fournis. Si dans la majorit\u00e9 des cas ces \u00e9l\u00e9ments sont propos\u00e9s moyennant un suppl\u00e9ment, certaines agences telles que l\u2019<a href=\"https:\/\/www.thefamilyvan.fr\/locations\">agence de location de van am\u00e9nag\u00e9 \u00e9lectrique The Family Van<\/a> les proposent gratuitement.\u00a0<\/span><\/p>\t\t\t\t\t\t\t\t<\/div>\n\t\t\t\t<\/div>\n\t\t\t\t\t<\/div>\n\t\t<\/div>\n\t\t\t\t\t<\/div>\n\t\t<\/section>\n\t\t\t\t<section class=\"elementor-section elementor-top-section elementor-element elementor-element-0637ca2 elementor-section-boxed elementor-section-height-default elementor-section-height-default\" data-id=\"0637ca2\" data-element_type=\"section\" data-e-type=\"section\">\n\t\t\t\t\t\t<div class=\"elementor-container elementor-column-gap-default\">\n\t\t\t\t\t<div class=\"elementor-column elementor-col-100 elementor-top-column elementor-element elementor-element-dca7ead\" data-id=\"dca7ead\" data-element_type=\"column\" data-e-type=\"column\">\n\t\t\t<div class=\"elementor-widget-wrap elementor-element-populated\">\n\t\t\t\t\t\t<div class=\"elementor-element elementor-element-ff79140 elementor-widget elementor-widget-heading\" data-id=\"ff79140\" data-element_type=\"widget\" data-e-type=\"widget\" data-widget_type=\"heading.default\">\n\t\t\t\t<div class=\"elementor-widget-container\">\n\t\t\t\t\t<h2 class=\"elementor-heading-title elementor-size-default\">4. Respectez la nature<\/h2>\t\t\t\t<\/div>\n\t\t\t\t<\/div>\n\t\t\t\t\t<\/div>\n\t\t<\/div>\n\t\t\t\t\t<\/div>\n\t\t<\/section>\n\t\t\t\t<section class=\"elementor-section elementor-top-section elementor-element elementor-element-c15da8e elementor-section-boxed elementor-section-height-default elementor-section-height-default\" data-id=\"c15da8e\" data-element_type=\"section\" data-e-type=\"section\">\n\t\t\t\t\t\t<div class=\"elementor-container elementor-column-gap-default\">\n\t\t\t\t\t<div class=\"elementor-column elementor-col-100 elementor-top-column elementor-element elementor-element-a137a6d\" data-id=\"a137a6d\" data-element_type=\"column\" data-e-type=\"column\">\n\t\t\t<div class=\"elementor-widget-wrap elementor-element-populated\">\n\t\t\t\t\t\t<div class=\"elementor-element elementor-element-9fb3e34 elementor-widget elementor-widget-text-editor\" data-id=\"9fb3e34\" data-element_type=\"widget\" data-e-type=\"widget\" data-widget_type=\"text-editor.default\">\n\t\t\t\t<div class=\"elementor-widget-container\">\n\t\t\t\t\t\t\t\t\t<p><span style=\"font-weight: 400;\">Lorsque vous voyagez en van am\u00e9nag\u00e9, vous avez la chance de d\u00e9couvrir des endroits magnifiques et pr\u00e9serv\u00e9s. Cependant, il est important de respecter l&rsquo;environnement et de minimiser votre impact sur la nature. Il n\u2019y a pas de plan\u00e8te B, alors ne laissez pas de d\u00e9chets et vos eaux us\u00e9es n\u2019importe o\u00f9,\u00a0 ne faites pas de feu en dehors des endroits autoris\u00e9s et ne stationnez pas votre van dans des endroits interdits. Respectez les animaux sauvages et ne les nourrissez pas.\u00a0<\/span><\/p>\t\t\t\t\t\t\t\t<\/div>\n\t\t\t\t<\/div>\n\t\t\t\t\t<\/div>\n\t\t<\/div>\n\t\t\t\t\t<\/div>\n\t\t<\/section>\n\t\t\t\t<section class=\"elementor-section elementor-top-section elementor-element elementor-element-2024dcf elementor-section-boxed elementor-section-height-default elementor-section-height-default\" data-id=\"2024dcf\" data-element_type=\"section\" data-e-type=\"section\">\n\t\t\t\t\t\t<div class=\"elementor-container elementor-column-gap-default\">\n\t\t\t\t\t<div class=\"elementor-column elementor-col-100 elementor-top-column elementor-element elementor-element-c0728cb\" data-id=\"c0728cb\" data-element_type=\"column\" data-e-type=\"column\">\n\t\t\t<div class=\"elementor-widget-wrap elementor-element-populated\">\n\t\t\t\t\t\t<div class=\"elementor-element elementor-element-b716d15 elementor-widget elementor-widget-heading\" data-id=\"b716d15\" data-element_type=\"widget\" data-e-type=\"widget\" data-widget_type=\"heading.default\">\n\t\t\t\t<div class=\"elementor-widget-container\">\n\t\t\t\t\t<h2 class=\"elementor-heading-title elementor-size-default\">5. Soyez flexible<\/h2>\t\t\t\t<\/div>\n\t\t\t\t<\/div>\n\t\t\t\t\t<\/div>\n\t\t<\/div>\n\t\t\t\t\t<\/div>\n\t\t<\/section>\n\t\t\t\t<section class=\"elementor-section elementor-top-section elementor-element elementor-element-f80e1c9 elementor-section-boxed elementor-section-height-default elementor-section-height-default\" data-id=\"f80e1c9\" data-element_type=\"section\" data-e-type=\"section\">\n\t\t\t\t\t\t<div class=\"elementor-container elementor-column-gap-default\">\n\t\t\t\t\t<div class=\"elementor-column elementor-col-100 elementor-top-column elementor-element elementor-element-40fa837\" data-id=\"40fa837\" data-element_type=\"column\" data-e-type=\"column\">\n\t\t\t<div class=\"elementor-widget-wrap elementor-element-populated\">\n\t\t\t\t\t\t<div class=\"elementor-element elementor-element-2bc5c4b elementor-widget elementor-widget-text-editor\" data-id=\"2bc5c4b\" data-element_type=\"widget\" data-e-type=\"widget\" data-widget_type=\"text-editor.default\">\n\t\t\t\t<div class=\"elementor-widget-container\">\n\t\t\t\t\t\t\t\t\t<p><span style=\"font-weight: 400;\">L&rsquo;un des grands avantages de voyager en van am\u00e9nag\u00e9 est la libert\u00e9 de changer d&rsquo;itin\u00e9raire \u00e0 tout moment. Restez ouvert aux impr\u00e9vus et aux opportunit\u00e9s qui se pr\u00e9sentent \u00e0 vous. Si vous tombez sur un endroit magnifique, n&rsquo;h\u00e9sitez pas \u00e0 y rester plus longtemps. Si la m\u00e9t\u00e9o est mauvaise, improvisez pour un moment de d\u00e9tente nich\u00e9 dans votre van ou la visite d\u2019un site couvert.<\/span><\/p>\t\t\t\t\t\t\t\t<\/div>\n\t\t\t\t<\/div>\n\t\t\t\t\t<\/div>\n\t\t<\/div>\n\t\t\t\t\t<\/div>\n\t\t<\/section>\n\t\t\t\t<section class=\"elementor-section elementor-top-section elementor-element elementor-element-e1414f9 elementor-section-boxed elementor-section-height-default elementor-section-height-default\" data-id=\"e1414f9\" data-element_type=\"section\" data-e-type=\"section\">\n\t\t\t\t\t\t<div class=\"elementor-container elementor-column-gap-default\">\n\t\t\t\t\t<div class=\"elementor-column elementor-col-100 elementor-top-column elementor-element elementor-element-673dbb2\" data-id=\"673dbb2\" data-element_type=\"column\" data-e-type=\"column\">\n\t\t\t<div class=\"elementor-widget-wrap elementor-element-populated\">\n\t\t\t\t\t\t<div class=\"elementor-element elementor-element-a400ea7 elementor-widget elementor-widget-text-editor\" data-id=\"a400ea7\" data-element_type=\"widget\" data-e-type=\"widget\" data-widget_type=\"text-editor.default\">\n\t\t\t\t<div class=\"elementor-widget-container\">\n\t\t\t\t\t\t\t\t\t<p>D\u00e9couvrez ce <a href=\"https:\/\/lesvoyagesdetao.fr\/2021\/05\/21\/roadtrip-en-van-dans-le-sud-ouest\/\">super retour d&rsquo;exp\u00e9rience<\/a> r\u00e9dig\u00e9 par Les Voyages de Tao<\/p>\t\t\t\t\t\t\t\t<\/div>\n\t\t\t\t<\/div>\n\t\t\t\t\t<\/div>\n\t\t<\/div>\n\t\t\t\t\t<\/div>\n\t\t<\/section>\n\t\t\t\t<\/div>\n\t\t","protected":false},"excerpt":{"rendered":"<p>Vous cherchez une fa\u00e7on unique de d\u00e9couvrir le sud-ouest de la France ? Pourquoi ne pas tester le voyage en van am\u00e9nag\u00e9 ? Ce mode &hellip; <\/p>\n","protected":false},"author":3,"featured_media":896,"comment_status":"open","ping_status":"open","sticky":false,"template":"","format":"standard","meta":{"_monsterinsights_skip_tracking":false,"_monsterinsights_sitenote_active":false,"_monsterinsights_sitenote_note":"","_monsterinsights_sitenote_category":0,"footnotes":""},"categories":[35,1],"tags":[],"class_list":["post-890","post","type-post","status-publish","format-standard","has-post-thumbnail","hentry","category-voyager-en-van-depuis-le-sud-ouest","category-non-classe","has-meta"],"aioseo_notices":[],"_links":{"self":[{"href":"https:\/\/www.thefamilyvan.fr\/blog\/wp-json\/wp\/v2\/posts\/890","targetHints":{"allow":["GET"]}}],"collection":[{"href":"https:\/\/www.thefamilyvan.fr\/blog\/wp-json\/wp\/v2\/posts"}],"about":[{"href":"https:\/\/www.thefamilyvan.fr\/blog\/wp-json\/wp\/v2\/types\/post"}],"author":[{"embeddable":true,"href":"https:\/\/www.thefamilyvan.fr\/blog\/wp-json\/wp\/v2\/users\/3"}],"replies":[{"embeddable":true,"href":"https:\/\/www.thefamilyvan.fr\/blog\/wp-json\/wp\/v2\/comments?post=890"}],"version-history":[{"count":10,"href":"https:\/\/www.thefamilyvan.fr\/blog\/wp-json\/wp\/v2\/posts\/890\/revisions"}],"predecessor-version":[{"id":942,"href":"https:\/\/www.thefamilyvan.fr\/blog\/wp-json\/wp\/v2\/posts\/890\/revisions\/942"}],"wp:featuredmedia":[{"embeddable":true,"href":"https:\/\/www.thefamilyvan.fr\/blog\/wp-json\/wp\/v2\/media\/896"}],"wp:attachment":[{"href":"https:\/\/www.thefamilyvan.fr\/blog\/wp-json\/wp\/v2\/media?parent=890"}],"wp:term":[{"taxonomy":"category","embeddable":true,"href":"https:\/\/www.thefamilyvan.fr\/blog\/wp-json\/wp\/v2\/categories?post=890"},{"taxonomy":"post_tag","embeddable":true,"href":"https:\/\/www.thefamilyvan.fr\/blog\/wp-json\/wp\/v2\/tags?post=890"}],"curies":[{"name":"wp","href":"https:\/\/api.w.org\/{rel}","templated":true}]}}