{"id":901,"date":"2023-04-12T18:58:18","date_gmt":"2023-04-12T16:58:18","guid":{"rendered":"https:\/\/www.thefamilyvan.fr\/blog\/?p=901"},"modified":"2023-04-12T18:58:19","modified_gmt":"2023-04-12T16:58:19","slug":"voyager-avec-une-agence-de-location-de-van-amenage-electrique","status":"publish","type":"post","link":"https:\/\/www.thefamilyvan.fr\/blog\/voyager-avec-une-agence-de-location-de-van-amenage-electrique\/","title":{"rendered":"Voyager avec une agence de location de van am\u00e9nag\u00e9 \u00e9lectrique"},"content":{"rendered":"\t\t<div data-elementor-type=\"wp-post\" data-elementor-id=\"901\" class=\"elementor elementor-901\">\n\t\t\t\t\t\t<section class=\"elementor-section elementor-top-section elementor-element elementor-element-bd68cde elementor-section-boxed elementor-section-height-default elementor-section-height-default\" data-id=\"bd68cde\" data-element_type=\"section\" data-e-type=\"section\">\n\t\t\t\t\t\t<div class=\"elementor-container elementor-column-gap-default\">\n\t\t\t\t\t<div class=\"elementor-column elementor-col-100 elementor-top-column elementor-element elementor-element-2ec0a4d\" data-id=\"2ec0a4d\" data-element_type=\"column\" data-e-type=\"column\">\n\t\t\t<div class=\"elementor-widget-wrap elementor-element-populated\">\n\t\t\t\t\t\t<div class=\"elementor-element elementor-element-6084523 elementor-widget elementor-widget-text-editor\" data-id=\"6084523\" data-element_type=\"widget\" data-e-type=\"widget\" data-widget_type=\"text-editor.default\">\n\t\t\t\t<div class=\"elementor-widget-container\">\n\t\t\t\t\t\t\t\t\t<p><span style=\"font-weight: 400;\">Aventurier dans l\u2019\u00e2me, le voyage en van vous a toujours branch\u00e9. Pourquoi pas opter pour le voyage en van \u00e9lectrique afin de lib\u00e9rer votre \u00e2me d\u2019aventurier tout en prot\u00e9geant la plan\u00e8te ? Zoom sur le voyage avec une <a href=\"https:\/\/www.thefamilyvan.fr\/locations\">agence de\u00a0location de van am\u00e9nag\u00e9 \u00e9lectrique<\/a>.<\/span><\/p>\t\t\t\t\t\t\t\t<\/div>\n\t\t\t\t<\/div>\n\t\t\t\t\t<\/div>\n\t\t<\/div>\n\t\t\t\t\t<\/div>\n\t\t<\/section>\n\t\t\t\t<section class=\"elementor-section elementor-top-section elementor-element elementor-element-13c9f1c elementor-section-boxed elementor-section-height-default elementor-section-height-default\" data-id=\"13c9f1c\" data-element_type=\"section\" data-e-type=\"section\">\n\t\t\t\t\t\t<div class=\"elementor-container elementor-column-gap-default\">\n\t\t\t\t\t<div class=\"elementor-column elementor-col-100 elementor-top-column elementor-element elementor-element-238868a\" data-id=\"238868a\" data-element_type=\"column\" data-e-type=\"column\">\n\t\t\t<div class=\"elementor-widget-wrap elementor-element-populated\">\n\t\t\t\t\t\t<div class=\"elementor-element elementor-element-0651e49 elementor-widget elementor-widget-image\" data-id=\"0651e49\" data-element_type=\"widget\" data-e-type=\"widget\" data-widget_type=\"image.default\">\n\t\t\t\t<div class=\"elementor-widget-container\">\n\t\t\t\t\t\t\t\t\t\t\t\t\t\t\t<img fetchpriority=\"high\" decoding=\"async\" width=\"750\" height=\"500\" src=\"https:\/\/www.thefamilyvan.fr\/blog\/wp-content\/uploads\/2023\/04\/The_Family_Van_agence_location_van_amenage_electrique.jpg\" class=\"attachment-large size-large wp-image-907\" alt=\"electric camper van rental agency\" \/>\t\t\t\t\t\t\t\t\t\t\t\t\t\t\t<\/div>\n\t\t\t\t<\/div>\n\t\t\t\t\t<\/div>\n\t\t<\/div>\n\t\t\t\t\t<\/div>\n\t\t<\/section>\n\t\t\t\t<section class=\"elementor-section elementor-top-section elementor-element elementor-element-9ab6bf9 elementor-section-boxed elementor-section-height-default elementor-section-height-default\" data-id=\"9ab6bf9\" data-element_type=\"section\" data-e-type=\"section\">\n\t\t\t\t\t\t<div class=\"elementor-container elementor-column-gap-default\">\n\t\t\t\t\t<div class=\"elementor-column elementor-col-100 elementor-top-column elementor-element elementor-element-0e10b4f\" data-id=\"0e10b4f\" data-element_type=\"column\" data-e-type=\"column\">\n\t\t\t<div class=\"elementor-widget-wrap elementor-element-populated\">\n\t\t\t\t\t\t<div class=\"elementor-element elementor-element-2508d8e elementor-widget elementor-widget-heading\" data-id=\"2508d8e\" data-element_type=\"widget\" data-e-type=\"widget\" data-widget_type=\"heading.default\">\n\t\t\t\t<div class=\"elementor-widget-container\">\n\t\t\t\t\t<h2 class=\"elementor-heading-title elementor-size-default\">The Family Van, l'agence de location de van am\u00e9nag\u00e9 \u00e9lectrique<\/h2>\t\t\t\t<\/div>\n\t\t\t\t<\/div>\n\t\t\t\t\t<\/div>\n\t\t<\/div>\n\t\t\t\t\t<\/div>\n\t\t<\/section>\n\t\t\t\t<section class=\"elementor-section elementor-top-section elementor-element elementor-element-35405f4 elementor-section-boxed elementor-section-height-default elementor-section-height-default\" data-id=\"35405f4\" data-element_type=\"section\" data-e-type=\"section\">\n\t\t\t\t\t\t<div class=\"elementor-container elementor-column-gap-default\">\n\t\t\t\t\t<div class=\"elementor-column elementor-col-100 elementor-top-column elementor-element elementor-element-1bb3871\" data-id=\"1bb3871\" data-element_type=\"column\" data-e-type=\"column\">\n\t\t\t<div class=\"elementor-widget-wrap elementor-element-populated\">\n\t\t\t\t\t\t<div class=\"elementor-element elementor-element-b661ab0 elementor-widget elementor-widget-text-editor\" data-id=\"b661ab0\" data-element_type=\"widget\" data-e-type=\"widget\" data-widget_type=\"text-editor.default\">\n\t\t\t\t<div class=\"elementor-widget-container\">\n\t\t\t\t\t\t\t\t\t<p><span style=\"font-weight: 400;\">Si vous souhaitez opter pour une location de van am\u00e9nag\u00e9 \u00e9lectrique, ce sont LES sp\u00e9cialistes : s\u00e9jours de groupe, location individuelle, ou s\u00e9jour sur mesure, vous trouverez chaussure \u00e0 votre pied chez cette jeune start-up cr\u00e9\u00e9e en mars 2021. Au programme : des vans \u00e9lectriques tout confort et des conseillers disponibles pour r\u00e9pondre \u00e0 vos envies de voyages singuliers et plus responsables.<\/span><\/p><p><span style=\"font-weight: 400;\">Rendez-vous des maintenant sur leur site pour booker vos prochaines vacances : <a href=\"https:\/\/www.thefamilyvan.fr\/locations\">thefamilyvan.fr\/locations<\/a><\/span><\/p>\t\t\t\t\t\t\t\t<\/div>\n\t\t\t\t<\/div>\n\t\t\t\t\t<\/div>\n\t\t<\/div>\n\t\t\t\t\t<\/div>\n\t\t<\/section>\n\t\t\t\t<section class=\"elementor-section elementor-top-section elementor-element elementor-element-937e7d0 elementor-section-boxed elementor-section-height-default elementor-section-height-default\" data-id=\"937e7d0\" data-element_type=\"section\" data-e-type=\"section\">\n\t\t\t\t\t\t<div class=\"elementor-container elementor-column-gap-default\">\n\t\t\t\t\t<div class=\"elementor-column elementor-col-100 elementor-top-column elementor-element elementor-element-917e306\" data-id=\"917e306\" data-element_type=\"column\" data-e-type=\"column\">\n\t\t\t<div class=\"elementor-widget-wrap elementor-element-populated\">\n\t\t\t\t\t\t<div class=\"elementor-element elementor-element-dc991a6 elementor-widget elementor-widget-heading\" data-id=\"dc991a6\" data-element_type=\"widget\" data-e-type=\"widget\" data-widget_type=\"heading.default\">\n\t\t\t\t<div class=\"elementor-widget-container\">\n\t\t\t\t\t<h2 class=\"elementor-heading-title elementor-size-default\">Wikicampers et Yescapa<\/h2>\t\t\t\t<\/div>\n\t\t\t\t<\/div>\n\t\t\t\t\t<\/div>\n\t\t<\/div>\n\t\t\t\t\t<\/div>\n\t\t<\/section>\n\t\t\t\t<section class=\"elementor-section elementor-top-section elementor-element elementor-element-89843d7 elementor-section-boxed elementor-section-height-default elementor-section-height-default\" data-id=\"89843d7\" data-element_type=\"section\" data-e-type=\"section\">\n\t\t\t\t\t\t<div class=\"elementor-container elementor-column-gap-default\">\n\t\t\t\t\t<div class=\"elementor-column elementor-col-100 elementor-top-column elementor-element elementor-element-eb027c9\" data-id=\"eb027c9\" data-element_type=\"column\" data-e-type=\"column\">\n\t\t\t<div class=\"elementor-widget-wrap elementor-element-populated\">\n\t\t\t\t\t\t<div class=\"elementor-element elementor-element-37a6fc4 elementor-widget elementor-widget-text-editor\" data-id=\"37a6fc4\" data-element_type=\"widget\" data-e-type=\"widget\" data-widget_type=\"text-editor.default\">\n\t\t\t\t<div class=\"elementor-widget-container\">\n\t\t\t\t\t\t\t\t\t<p><span style=\"font-weight: 400;\">Si <a href=\"https:\/\/www.wikicampers.fr\/\">Wikicampers<\/a> et <a href=\"https:\/\/www.yescapa.fr\/\">Yescapa<\/a> sont aujourd\u2019hui les leaders en Europe de la location de van am\u00e9nag\u00e9 entre particuliers, ils ne r\u00e9f\u00e9rencent pas encore de v\u00e9hicules \u00e9lectriques de la part de particuliers \u00e0 l\u2019heure actuelle. Cependant, et dans un souci de d\u00e9marche responsable, les vans de <a href=\"https:\/\/www.thefamilyvan.fr\/locations\">The Family Van<\/a> seront disponibles et r\u00e9f\u00e9renc\u00e9s chez ces deux loueurs.<\/span><\/p>\t\t\t\t\t\t\t\t<\/div>\n\t\t\t\t<\/div>\n\t\t\t\t\t<\/div>\n\t\t<\/div>\n\t\t\t\t\t<\/div>\n\t\t<\/section>\n\t\t\t\t<section class=\"elementor-section elementor-top-section elementor-element elementor-element-e02f5cd elementor-section-boxed elementor-section-height-default elementor-section-height-default\" data-id=\"e02f5cd\" data-element_type=\"section\" data-e-type=\"section\">\n\t\t\t\t\t\t<div class=\"elementor-container elementor-column-gap-default\">\n\t\t\t\t\t<div class=\"elementor-column elementor-col-100 elementor-top-column elementor-element elementor-element-8c72d27\" data-id=\"8c72d27\" data-element_type=\"column\" data-e-type=\"column\">\n\t\t\t<div class=\"elementor-widget-wrap elementor-element-populated\">\n\t\t\t\t\t\t<div class=\"elementor-element elementor-element-cf0b23d elementor-widget elementor-widget-heading\" data-id=\"cf0b23d\" data-element_type=\"widget\" data-e-type=\"widget\" data-widget_type=\"heading.default\">\n\t\t\t\t<div class=\"elementor-widget-container\">\n\t\t\t\t\t<h2 class=\"elementor-heading-title elementor-size-default\">Des voyageurs plus concern\u00e9s par les probl\u00e9matiques environnementales actuelles<\/h2>\t\t\t\t<\/div>\n\t\t\t\t<\/div>\n\t\t\t\t\t<\/div>\n\t\t<\/div>\n\t\t\t\t\t<\/div>\n\t\t<\/section>\n\t\t\t\t<section class=\"elementor-section elementor-top-section elementor-element elementor-element-95c033e elementor-section-boxed elementor-section-height-default elementor-section-height-default\" data-id=\"95c033e\" data-element_type=\"section\" data-e-type=\"section\">\n\t\t\t\t\t\t<div class=\"elementor-container elementor-column-gap-default\">\n\t\t\t\t\t<div class=\"elementor-column elementor-col-100 elementor-top-column elementor-element elementor-element-cbf979e\" data-id=\"cbf979e\" data-element_type=\"column\" data-e-type=\"column\">\n\t\t\t<div class=\"elementor-widget-wrap elementor-element-populated\">\n\t\t\t\t\t\t<div class=\"elementor-element elementor-element-187183b elementor-widget elementor-widget-text-editor\" data-id=\"187183b\" data-element_type=\"widget\" data-e-type=\"widget\" data-widget_type=\"text-editor.default\">\n\t\t\t\t<div class=\"elementor-widget-container\">\n\t\t\t\t\t\t\t\t\t<p><span style=\"font-weight: 400;\">Aujourd\u2019hui, les agences de location se doivent de r\u00e9pondre aux envies des utilisateurs soucieux d\u2019opter pour de nouvelles fa\u00e7ons de voyager, plus responsables.<\/span><\/p><p><span style=\"font-weight: 400;\">L\u2019id\u00e9e est de trouver des alternatives permettant d\u2019allier tourisme, conscience \u00e9cologique et plaisir. Pourquoi pas tester The Family Van en optant pour le <a href=\"https:\/\/www.thefamilyvan.fr\/locations\">voyage en van am\u00e9nag\u00e9 100% \u00e9lectrique<\/a> ? <\/span><\/p>\t\t\t\t\t\t\t\t<\/div>\n\t\t\t\t<\/div>\n\t\t\t\t\t<\/div>\n\t\t<\/div>\n\t\t\t\t\t<\/div>\n\t\t<\/section>\n\t\t\t\t<\/div>\n\t\t","protected":false},"excerpt":{"rendered":"<p>Aventurier dans l\u2019\u00e2me, le voyage en van vous a toujours branch\u00e9. Pourquoi pas opter pour le voyage en van \u00e9lectrique afin de lib\u00e9rer votre \u00e2me &hellip; <\/p>\n","protected":false},"author":3,"featured_media":907,"comment_status":"open","ping_status":"open","sticky":false,"template":"","format":"standard","meta":{"_monsterinsights_skip_tracking":false,"_monsterinsights_sitenote_active":false,"_monsterinsights_sitenote_note":"","_monsterinsights_sitenote_category":0,"footnotes":""},"categories":[36,14,1],"tags":[],"class_list":["post-901","post","type-post","status-publish","format-standard","has-post-thumbnail","hentry","category-le-guide-du-voyage-en-van-amenage","category-tout-savoir-sur-le-voyage-en-van","category-non-classe","has-meta"],"aioseo_notices":[],"_links":{"self":[{"href":"https:\/\/www.thefamilyvan.fr\/blog\/wp-json\/wp\/v2\/posts\/901","targetHints":{"allow":["GET"]}}],"collection":[{"href":"https:\/\/www.thefamilyvan.fr\/blog\/wp-json\/wp\/v2\/posts"}],"about":[{"href":"https:\/\/www.thefamilyvan.fr\/blog\/wp-json\/wp\/v2\/types\/post"}],"author":[{"embeddable":true,"href":"https:\/\/www.thefamilyvan.fr\/blog\/wp-json\/wp\/v2\/users\/3"}],"replies":[{"embeddable":true,"href":"https:\/\/www.thefamilyvan.fr\/blog\/wp-json\/wp\/v2\/comments?post=901"}],"version-history":[{"count":17,"href":"https:\/\/www.thefamilyvan.fr\/blog\/wp-json\/wp\/v2\/posts\/901\/revisions"}],"predecessor-version":[{"id":931,"href":"https:\/\/www.thefamilyvan.fr\/blog\/wp-json\/wp\/v2\/posts\/901\/revisions\/931"}],"wp:featuredmedia":[{"embeddable":true,"href":"https:\/\/www.thefamilyvan.fr\/blog\/wp-json\/wp\/v2\/media\/907"}],"wp:attachment":[{"href":"https:\/\/www.thefamilyvan.fr\/blog\/wp-json\/wp\/v2\/media?parent=901"}],"wp:term":[{"taxonomy":"category","embeddable":true,"href":"https:\/\/www.thefamilyvan.fr\/blog\/wp-json\/wp\/v2\/categories?post=901"},{"taxonomy":"post_tag","embeddable":true,"href":"https:\/\/www.thefamilyvan.fr\/blog\/wp-json\/wp\/v2\/tags?post=901"}],"curies":[{"name":"wp","href":"https:\/\/api.w.org\/{rel}","templated":true}]}}